{"id":29981,"date":"2024-11-08T10:14:20","date_gmt":"2024-11-08T13:14:20","guid":{"rendered":"https:\/\/radiostudiow.com.br\/site\/?p=29981"},"modified":"2025-01-31T14:58:15","modified_gmt":"2025-01-31T17:58:15","slug":"policia-civil-prendeu-suspeito-de-cometer-tres-estupros-em-um-mes-na-cidade-de-general-carneiro","status":"publish","type":"post","link":"https:\/\/radiostudiow.com.br\/site\/2024\/11\/08\/policia-civil-prendeu-suspeito-de-cometer-tres-estupros-em-um-mes-na-cidade-de-general-carneiro\/","title":{"rendered":"Pol\u00edcia Civil prendeu suspeito de cometer tr\u00eas estupros em um m\u00eas na cidade de General carneiro"},"content":{"rendered":"\n<p>Ap\u00f3s um intenso trabalho investigativo da Delegacia da Mulher de Uni\u00e3o da Vit\u00f3ria, a Pol\u00edcia Civil prendeu nesta quinta-feira, 07 de novembro, um homem de 18 anos acusado de cometer em menos de 30 dias, tr\u00eas crimes sexuais em s\u00e9rie na cidade de General Carneiro.<\/p>\n\n\n\n<figure class=\"wp-block-image size-full\"><img loading=\"lazy\" decoding=\"async\" width=\"598\" height=\"204\" src=\"https:\/\/radiostudiow.com.br\/site\/wp-content\/uploads\/2024\/10\/labirati.png\" alt=\"\" class=\"wp-image-28854\" srcset=\"https:\/\/radiostudiow.com.br\/site\/wp-content\/uploads\/2024\/10\/labirati.png 598w, https:\/\/radiostudiow.com.br\/site\/wp-content\/uploads\/2024\/10\/labirati-300x102.png 300w\" sizes=\"auto, (max-width: 598px) 100vw, 598px\" \/><\/figure>\n\n\n\n<p>O primeiro abuso aconteceu no dia 6 de outubro de 2024, quando o homem abordou uma mulher que estava sozinha dentro de seu carro aguardando o namorado. O criminoso a sequestrou, entrando no ve\u00edculo em que a v\u00edtima estava e estrangulando-a, dando socos para que ela n\u00e3o conseguisse sair, mesmo com o carro em movimento; ele a levou at\u00e9 uma \u00e1rea isolada de mata, onde o carro atolou e l\u00e1 a espancou novamente e praticou o crime de estupro. A v\u00edtima desmaiou e s\u00f3 foi encontrada no dia seguinte por populares.<\/p>\n\n\n\n<p>O segundo ataque ocorreu em 18 de outubro, em plena via p\u00fablica, quando o criminoso cometeu o crime de roubo contra uma adolescente e, durante o ato, realizou novo abuso sexual. O terceiro crime foi no \u00faltimo dia 3 de novembro, quando o criminoso aguardou uma outra adolescente sair de casa sozinha, sem a companhia dos pais, a seguiu e a arrastou at\u00e9 um terreno baldio, espancando-a e praticando o crime de estupro de vulner\u00e1vel.<\/p>\n\n\n\n<p>De acordo com o delegado Thiers Andregotti, respons\u00e1vel pela investiga\u00e7\u00e3o, a a\u00e7\u00e3o da Delegacia da Mulher de Uni\u00e3o da Vit\u00f3ria foi crucial para a captura do criminoso. &#8220;A equipe trabalhou incansavelmente para identificar o respons\u00e1vel por esses crimes t\u00e3o violentos. A pris\u00e3o dele somente foi poss\u00edvel ap\u00f3s um \u00e1rduo trabalho investigativo para descobrir a sua real identidade\u201d, afirmou o delegado.<\/p>\n\n\n\n<figure class=\"wp-block-image size-full\"><img loading=\"lazy\" decoding=\"async\" width=\"897\" height=\"204\" src=\"https:\/\/radiostudiow.com.br\/site\/wp-content\/uploads\/2024\/04\/image-38.png\" alt=\"\" class=\"wp-image-21308\" srcset=\"https:\/\/radiostudiow.com.br\/site\/wp-content\/uploads\/2024\/04\/image-38.png 897w, https:\/\/radiostudiow.com.br\/site\/wp-content\/uploads\/2024\/04\/image-38-300x68.png 300w, https:\/\/radiostudiow.com.br\/site\/wp-content\/uploads\/2024\/04\/image-38-768x175.png 768w\" sizes=\"auto, (max-width: 897px) 100vw, 897px\" \/><\/figure>\n\n\n\n<p>O modus operandi do criminoso era sempre o mesmo: ele escolhia v\u00edtimas mulheres sozinhas e as abordava com viol\u00eancia. O criminoso agia com brutalidade, espancando as v\u00edtimas e se aproveitando de sua vulnerabilidade para cometer os crimes sexuais com extrema viol\u00eancia. Gra\u00e7as ao trabalho investigativo da equipe da Delegacia da Mulher e contando com o apoio coordenado entre Pol\u00edcia Civil, Minist\u00e9rio P\u00fablico e Poder Judici\u00e1rio, houve a identifica\u00e7\u00e3o e pris\u00e3o do suspeito.<\/p>\n\n\n\n<p>Segundo o delegado, o homem responder\u00e1 pelos crimes de sequestro, estupro, estupro de vulner\u00e1vel e roubo. Ele ser\u00e1 responsabilizado por seus atos e ficar\u00e1 \u00e0 disposi\u00e7\u00e3o da Justi\u00e7a.<\/p>\n\n\n\n<p>A pris\u00e3o do estuprador trouxe um al\u00edvio imediato \u00e0 popula\u00e7\u00e3o de General Carneiro, que estava em p\u00e2nico devido aos ataques. &#8220;Agora podemos respirar mais aliviados. Esse criminoso n\u00e3o vai mais nos amea\u00e7ar&#8221;, disse uma moradora local.<\/p>\n\n\n\n<figure class=\"wp-block-image size-full\"><img loading=\"lazy\" decoding=\"async\" width=\"900\" height=\"408\" src=\"https:\/\/radiostudiow.com.br\/site\/wp-content\/uploads\/2024\/09\/image-64-1.png\" alt=\"\" class=\"wp-image-28207\" srcset=\"https:\/\/radiostudiow.com.br\/site\/wp-content\/uploads\/2024\/09\/image-64-1.png 900w, https:\/\/radiostudiow.com.br\/site\/wp-content\/uploads\/2024\/09\/image-64-1-300x136.png 300w, https:\/\/radiostudiow.com.br\/site\/wp-content\/uploads\/2024\/09\/image-64-1-768x348.png 768w\" sizes=\"auto, (max-width: 900px) 100vw, 900px\" \/><\/figure>\n\n\n\n<p>A Delegacia da Mulher de Uni\u00e3o da Vit\u00f3ria refor\u00e7a a import\u00e2ncia da den\u00fancia de crimes de viol\u00eancia sexual, especialmente na comunidade de General Carneiro. &#8220;Estamos aqui para apoiar todas as v\u00edtimas e garantir que a justi\u00e7a seja feita. Qualquer v\u00edtima ainda n\u00e3o identificada pelos atos do criminoso pode procurar a Delegacia da Mulher com total sigilo e seguran\u00e7a&#8221;, afirmou o delegado Thiers Andregotti.<\/p>\n\n\n\n<p>TEXTO: DELEGACIA DA MULHER DE UNI\u00c3O DA VIT\u00d3RIA<\/p>\n","protected":false},"excerpt":{"rendered":"<p>Ap\u00f3s um intenso trabalho investigativo da Delegacia da Mulher de Uni\u00e3o da Vit\u00f3ria, a Pol\u00edcia Civil prendeu nesta quinta-feira, 07 de novembro, um homem de 18 anos acusado de cometer em menos de 30 dias, tr\u00eas crimes sexuais em s\u00e9rie na cidade de General Carneiro. O primeiro abuso aconteceu no dia 6 de outubro de [&hellip;]<\/p>\n","protected":false},"author":2,"featured_media":30001,"comment_status":"open","ping_status":"open","sticky":false,"template":"","format":"standard","meta":{"footnotes":""},"categories":[2],"tags":[172],"class_list":["post-29981","post","type-post","status-publish","format-standard","has-post-thumbnail","hentry","category-policial","tag-featured"],"amp_enabled":true,"_links":{"self":[{"href":"https:\/\/radiostudiow.com.br\/site\/wp-json\/wp\/v2\/posts\/29981","targetHints":{"allow":["GET"]}}],"collection":[{"href":"https:\/\/radiostudiow.com.br\/site\/wp-json\/wp\/v2\/posts"}],"about":[{"href":"https:\/\/radiostudiow.com.br\/site\/wp-json\/wp\/v2\/types\/post"}],"author":[{"embeddable":true,"href":"https:\/\/radiostudiow.com.br\/site\/wp-json\/wp\/v2\/users\/2"}],"replies":[{"embeddable":true,"href":"https:\/\/radiostudiow.com.br\/site\/wp-json\/wp\/v2\/comments?post=29981"}],"version-history":[{"count":3,"href":"https:\/\/radiostudiow.com.br\/site\/wp-json\/wp\/v2\/posts\/29981\/revisions"}],"predecessor-version":[{"id":30030,"href":"https:\/\/radiostudiow.com.br\/site\/wp-json\/wp\/v2\/posts\/29981\/revisions\/30030"}],"wp:featuredmedia":[{"embeddable":true,"href":"https:\/\/radiostudiow.com.br\/site\/wp-json\/wp\/v2\/media\/30001"}],"wp:attachment":[{"href":"https:\/\/radiostudiow.com.br\/site\/wp-json\/wp\/v2\/media?parent=29981"}],"wp:term":[{"taxonomy":"category","embeddable":true,"href":"https:\/\/radiostudiow.com.br\/site\/wp-json\/wp\/v2\/categories?post=29981"},{"taxonomy":"post_tag","embeddable":true,"href":"https:\/\/radiostudiow.com.br\/site\/wp-json\/wp\/v2\/tags?post=29981"}],"curies":[{"name":"wp","href":"https:\/\/api.w.org\/{rel}","templated":true}]}}