{"id":29995,"date":"2024-11-07T21:15:01","date_gmt":"2024-11-08T00:15:01","guid":{"rendered":"https:\/\/radiostudiow.com.br\/site\/?p=29995"},"modified":"2025-01-31T14:58:15","modified_gmt":"2025-01-31T17:58:15","slug":"pai-de-menina-de-dois-anos-arrastada-em-enxurrada-na-cidade-de-general-carneiro-se-emociona-ao-contar-sobre-a-tragedia","status":"publish","type":"post","link":"https:\/\/radiostudiow.com.br\/site\/2024\/11\/07\/pai-de-menina-de-dois-anos-arrastada-em-enxurrada-na-cidade-de-general-carneiro-se-emociona-ao-contar-sobre-a-tragedia\/","title":{"rendered":"Pai de menina de dois anos arrastada em enxurrada na cidade de General Carneiro se emociona ao contar sobre a trag\u00e9dia"},"content":{"rendered":"\n<p>Valter Camargo, o pai da garotinha&nbsp;Kimberly Camargo, de dois anos, que est\u00e1&nbsp;desaparecida&nbsp;desde a madrugada desta quinta-feira, 07 de outubro,&nbsp;afirmou ter \u201cperdido tudo\u201d na trag\u00e9dia que atingiu a sua fam\u00edlia. A menina foi arrastada pela enxurrada, em&nbsp;General Carneiro, e ainda n\u00e3o foi encontrada.<\/p>\n\n\n\n<figure class=\"wp-block-image size-full\"><img loading=\"lazy\" decoding=\"async\" width=\"598\" height=\"204\" src=\"https:\/\/radiostudiow.com.br\/site\/wp-content\/uploads\/2024\/10\/labirati.png\" alt=\"\" class=\"wp-image-28854\" srcset=\"https:\/\/radiostudiow.com.br\/site\/wp-content\/uploads\/2024\/10\/labirati.png 598w, https:\/\/radiostudiow.com.br\/site\/wp-content\/uploads\/2024\/10\/labirati-300x102.png 300w\" sizes=\"auto, (max-width: 598px) 100vw, 598px\" \/><\/figure>\n\n\n\n<p>Ao narrar os momentos de desespero que viveu no momento em que a casa onde a fam\u00edlia mora foi invadida pela \u00e1gua, ele n\u00e3o escondeu a emo\u00e7\u00e3o e a tristeza.<\/p>\n\n\n\n<blockquote class=\"wp-block-quote is-layout-flow wp-block-quote-is-layout-flow\">\n<p>\u201cEu perdi tudo, perdi tudo. Mas eu preferia perder tudo, tudo mesmo, mas a minha filha estar comigo. Eu queria estar com ela nos bra\u00e7os, mas eu n\u00e3o consigo\u201d, afirmou em entrevista que cedeu a conversa \u00e0 RICtv.<\/p>\n<\/blockquote>\n\n\n\n<p>As buscas pela menina prosseguem neste come\u00e7o de tarde, mas at\u00e9 o momento nenhuma vest\u00edgio de seu paradeiro foi encontrado.<\/p>\n\n\n\n<p>Kimberly foi arrastada pela correnteza que atingiu o Centro de Tradi\u00e7\u00f5es Ga\u00fachas (CTG) onde a fam\u00edlia mora, no bairro Planalto, um dos pontos mais afetados pela&nbsp;enchente.<\/p>\n\n\n\n<figure class=\"wp-block-image size-full\"><img loading=\"lazy\" decoding=\"async\" width=\"900\" height=\"408\" src=\"https:\/\/radiostudiow.com.br\/site\/wp-content\/uploads\/2024\/09\/image-64-1.png\" alt=\"\" class=\"wp-image-28207\" srcset=\"https:\/\/radiostudiow.com.br\/site\/wp-content\/uploads\/2024\/09\/image-64-1.png 900w, https:\/\/radiostudiow.com.br\/site\/wp-content\/uploads\/2024\/09\/image-64-1-300x136.png 300w, https:\/\/radiostudiow.com.br\/site\/wp-content\/uploads\/2024\/09\/image-64-1-768x348.png 768w\" sizes=\"auto, (max-width: 900px) 100vw, 900px\" \/><\/figure>\n\n\n\n<blockquote class=\"wp-block-quote is-layout-flow wp-block-quote-is-layout-flow\">\n<p>\u201cEra cerca de 1h da manh\u00e3 quando n\u00f3s escutamos um estouro. Eu at\u00e9 achei que era a perna da cama que tinha quebrado, mas a\u00ed que eu fui ver que caiu a parede do quarto das minhas meninas. Caiu a parede, e a cama virou. A minha mulher ainda falou, a menina vai cair no rio, a\u00ed eu peguei ela. Ent\u00e3o fizemos uma corrente e sa\u00edmos. Da\u00ed a minha filha maior escapou e no que eu fui salvar ela, a minha nen\u00ea, que estava com a m\u00e3e, foi levada pela \u00e1gua\u201d, complementa o pai.<\/p>\n<\/blockquote>\n\n\n\n<figure class=\"wp-block-video\"><video height=\"720\" style=\"aspect-ratio: 1280 \/ 720;\" width=\"1280\" controls src=\"https:\/\/radiostudiow.com.br\/site\/wp-content\/uploads\/2024\/11\/Casa-da-familia-em-General-Carneiro-apos-fortes-chuvas.mp4\"><\/video><\/figure>\n","protected":false},"excerpt":{"rendered":"<p>Valter Camargo, o pai da garotinha&nbsp;Kimberly Camargo, de dois anos, que est\u00e1&nbsp;desaparecida&nbsp;desde a madrugada desta quinta-feira, 07 de outubro,&nbsp;afirmou ter \u201cperdido tudo\u201d na trag\u00e9dia que atingiu a sua fam\u00edlia. A menina foi arrastada pela enxurrada, em&nbsp;General Carneiro, e ainda n\u00e3o foi encontrada. Ao narrar os momentos de desespero que viveu no momento em que a [&hellip;]<\/p>\n","protected":false},"author":2,"featured_media":29996,"comment_status":"open","ping_status":"open","sticky":false,"template":"","format":"standard","meta":{"footnotes":""},"categories":[185],"tags":[172],"class_list":["post-29995","post","type-post","status-publish","format-standard","has-post-thumbnail","hentry","category-regional","tag-featured"],"amp_enabled":true,"_links":{"self":[{"href":"https:\/\/radiostudiow.com.br\/site\/wp-json\/wp\/v2\/posts\/29995","targetHints":{"allow":["GET"]}}],"collection":[{"href":"https:\/\/radiostudiow.com.br\/site\/wp-json\/wp\/v2\/posts"}],"about":[{"href":"https:\/\/radiostudiow.com.br\/site\/wp-json\/wp\/v2\/types\/post"}],"author":[{"embeddable":true,"href":"https:\/\/radiostudiow.com.br\/site\/wp-json\/wp\/v2\/users\/2"}],"replies":[{"embeddable":true,"href":"https:\/\/radiostudiow.com.br\/site\/wp-json\/wp\/v2\/comments?post=29995"}],"version-history":[{"count":1,"href":"https:\/\/radiostudiow.com.br\/site\/wp-json\/wp\/v2\/posts\/29995\/revisions"}],"predecessor-version":[{"id":29998,"href":"https:\/\/radiostudiow.com.br\/site\/wp-json\/wp\/v2\/posts\/29995\/revisions\/29998"}],"wp:featuredmedia":[{"embeddable":true,"href":"https:\/\/radiostudiow.com.br\/site\/wp-json\/wp\/v2\/media\/29996"}],"wp:attachment":[{"href":"https:\/\/radiostudiow.com.br\/site\/wp-json\/wp\/v2\/media?parent=29995"}],"wp:term":[{"taxonomy":"category","embeddable":true,"href":"https:\/\/radiostudiow.com.br\/site\/wp-json\/wp\/v2\/categories?post=29995"},{"taxonomy":"post_tag","embeddable":true,"href":"https:\/\/radiostudiow.com.br\/site\/wp-json\/wp\/v2\/tags?post=29995"}],"curies":[{"name":"wp","href":"https:\/\/api.w.org\/{rel}","templated":true}]}}