{"id":30003,"date":"2024-11-08T09:56:00","date_gmt":"2024-11-08T12:56:00","guid":{"rendered":"https:\/\/radiostudiow.com.br\/site\/?p=30003"},"modified":"2025-01-31T14:58:15","modified_gmt":"2025-01-31T17:58:15","slug":"pcpr-prende-homem-por-abusar-sexualmente-da-sua-sobrinha-de-13-anos-em-bituruna","status":"publish","type":"post","link":"https:\/\/radiostudiow.com.br\/site\/2024\/11\/08\/pcpr-prende-homem-por-abusar-sexualmente-da-sua-sobrinha-de-13-anos-em-bituruna\/","title":{"rendered":"PCPR prende homem por abusar sexualmente da sua sobrinha de 13 anos em Bituruna"},"content":{"rendered":"\n<figure class=\"wp-block-image size-large is-resized\"><img decoding=\"async\" src=\"https:\/\/radiostudiow.com.br\/site\/wp-content\/uploads\/2024\/11\/image-24-1024x390.png\" alt=\"\" class=\"wp-image-29793\" style=\"width:740px;height:auto\"\/><figcaption class=\"wp-element-caption\">AFUBRA IRATI: \ud83d\udccd Rua Coronel Emilio Gomes, 399, Centro &#8211; Irati &#8211; PR \ud83d\udcde(42) 3421-1700<br>AFUBRA IMBITUVA: \ud83d\udccd RUA Jacobe Brener, 830 &#8211; Centro, Imbituva &#8211; PR \ud83d\udcde(42) 3436-84003<\/figcaption><\/figure>\n\n\n\n<p>A Pol\u00edcia Civil do Paran\u00e1 atrav\u00e9s da 4\u00aa SDP de Uni\u00e3o da Vit\u00f3ria, realizou a pris\u00e3o de um homem de 49 anos, residente na cidade de Bituruna, por estupro de vulner\u00e1vel na tarde desta quinta-feira (07), conforme previsto no artigo 217-A do C\u00f3digo Penal.<\/p>\n\n\n\n<p>O homem teria abusado sexualmente da sua sobrinha de 13 anos, aproveitando-se do ambiente dom\u00e9stico e de coabita\u00e7\u00e3o na \u00e9poca dos fatos.<\/p>\n\n\n\n<figure class=\"wp-block-image size-full\"><img loading=\"lazy\" decoding=\"async\" width=\"900\" height=\"408\" src=\"https:\/\/radiostudiow.com.br\/site\/wp-content\/uploads\/2024\/09\/image-64-1.png\" alt=\"\" class=\"wp-image-28207\" srcset=\"https:\/\/radiostudiow.com.br\/site\/wp-content\/uploads\/2024\/09\/image-64-1.png 900w, https:\/\/radiostudiow.com.br\/site\/wp-content\/uploads\/2024\/09\/image-64-1-300x136.png 300w, https:\/\/radiostudiow.com.br\/site\/wp-content\/uploads\/2024\/09\/image-64-1-768x348.png 768w\" sizes=\"auto, (max-width: 900px) 100vw, 900px\" \/><\/figure>\n\n\n\n<p>A captura ocorreu no munic\u00edpio de Uni\u00e3o da Vit\u00f3ria, ocasi\u00e3o em que o suspeito teria vindo a cidade com sua esposa. O Mandado de Pris\u00e3o foi expedido em maio deste ano. Desde a expedi\u00e7\u00e3o do mandado, o homem se encontrava foragido, dificultando a a\u00e7\u00e3o das autoridades.<\/p>\n\n\n\n<p>O caso destaca a import\u00e2ncia da atua\u00e7\u00e3o das for\u00e7as de seguran\u00e7a no combate \u00e0 viol\u00eancia contra vulner\u00e1veis e refor\u00e7a o compromisso da Pol\u00edcia Civil em garantir a prote\u00e7\u00e3o e a justi\u00e7a para as v\u00edtimas.<\/p>\n","protected":false},"excerpt":{"rendered":"<p>A Pol\u00edcia Civil do Paran\u00e1 atrav\u00e9s da 4\u00aa SDP de Uni\u00e3o da Vit\u00f3ria, realizou a pris\u00e3o de um homem de 49 anos, residente na cidade de Bituruna, por estupro de vulner\u00e1vel na tarde desta quinta-feira (07), conforme previsto no artigo 217-A do C\u00f3digo Penal. O homem teria abusado sexualmente da sua sobrinha de 13 anos, [&hellip;]<\/p>\n","protected":false},"author":2,"featured_media":30005,"comment_status":"open","ping_status":"open","sticky":false,"template":"","format":"standard","meta":{"footnotes":""},"categories":[2],"tags":[172],"class_list":["post-30003","post","type-post","status-publish","format-standard","has-post-thumbnail","hentry","category-policial","tag-featured"],"amp_enabled":true,"_links":{"self":[{"href":"https:\/\/radiostudiow.com.br\/site\/wp-json\/wp\/v2\/posts\/30003","targetHints":{"allow":["GET"]}}],"collection":[{"href":"https:\/\/radiostudiow.com.br\/site\/wp-json\/wp\/v2\/posts"}],"about":[{"href":"https:\/\/radiostudiow.com.br\/site\/wp-json\/wp\/v2\/types\/post"}],"author":[{"embeddable":true,"href":"https:\/\/radiostudiow.com.br\/site\/wp-json\/wp\/v2\/users\/2"}],"replies":[{"embeddable":true,"href":"https:\/\/radiostudiow.com.br\/site\/wp-json\/wp\/v2\/comments?post=30003"}],"version-history":[{"count":2,"href":"https:\/\/radiostudiow.com.br\/site\/wp-json\/wp\/v2\/posts\/30003\/revisions"}],"predecessor-version":[{"id":30026,"href":"https:\/\/radiostudiow.com.br\/site\/wp-json\/wp\/v2\/posts\/30003\/revisions\/30026"}],"wp:featuredmedia":[{"embeddable":true,"href":"https:\/\/radiostudiow.com.br\/site\/wp-json\/wp\/v2\/media\/30005"}],"wp:attachment":[{"href":"https:\/\/radiostudiow.com.br\/site\/wp-json\/wp\/v2\/media?parent=30003"}],"wp:term":[{"taxonomy":"category","embeddable":true,"href":"https:\/\/radiostudiow.com.br\/site\/wp-json\/wp\/v2\/categories?post=30003"},{"taxonomy":"post_tag","embeddable":true,"href":"https:\/\/radiostudiow.com.br\/site\/wp-json\/wp\/v2\/tags?post=30003"}],"curies":[{"name":"wp","href":"https:\/\/api.w.org\/{rel}","templated":true}]}}