{"id":30007,"date":"2024-11-08T09:16:12","date_gmt":"2024-11-08T12:16:12","guid":{"rendered":"https:\/\/radiostudiow.com.br\/site\/?p=30007"},"modified":"2025-01-31T14:58:15","modified_gmt":"2025-01-31T17:58:15","slug":"bombeiros-localizam-corpo-de-crianca-levada-por-enxurrada-em-general-carneiro","status":"publish","type":"post","link":"https:\/\/radiostudiow.com.br\/site\/2024\/11\/08\/bombeiros-localizam-corpo-de-crianca-levada-por-enxurrada-em-general-carneiro\/","title":{"rendered":"URGENTE: Bombeiros localizam corpo de crian\u00e7a levada por enxurrada em General Carneiro"},"content":{"rendered":"\n<p>O Corpo de Bombeiros localizou na manh\u00e3 desta sexta-feira (8), o corpo de\u00a0Kimberly Camargo, de apenas 2 anos,\u00a0que foi levada pela correnteza na madrugada desta quinta-feira (7), em General Carneiro.<\/p>\n\n\n\n<p>Segundo o Corpo de Bombeiros, a equipe chegou no local no in\u00edcio da manh\u00e3 e um terceiro, civil, informou que avistou a mesma, levando a equipe at\u00e9 o local.<\/p>\n\n\n\n<figure class=\"wp-block-image size-full\"><img loading=\"lazy\" decoding=\"async\" width=\"1024\" height=\"770\" src=\"https:\/\/radiostudiow.com.br\/site\/wp-content\/uploads\/2024\/11\/image-48.png\" alt=\"\" class=\"wp-image-30008\" srcset=\"https:\/\/radiostudiow.com.br\/site\/wp-content\/uploads\/2024\/11\/image-48.png 1024w, https:\/\/radiostudiow.com.br\/site\/wp-content\/uploads\/2024\/11\/image-48-300x226.png 300w, https:\/\/radiostudiow.com.br\/site\/wp-content\/uploads\/2024\/11\/image-48-768x578.png 768w\" sizes=\"auto, (max-width: 1024px) 100vw, 1024px\" \/><figcaption class=\"wp-element-caption\">Foto: Corpo de Bombeiros.<\/figcaption><\/figure>\n\n\n\n<p>Valter Camargo, o pai da garotinha Kimberly Camargo, de dois anos, que est\u00e1 desaparecida desde a madrugada desta quinta-feira (7), afirmou ter \u201cperdido tudo\u201d na trag\u00e9dia que atingiu a sua fam\u00edlia. A menina foi arrastada pela enxurrada, em General Carneiro, e ainda n\u00e3o foi encontrada.<\/p>\n\n\n\n<p>Ao narrar os momentos de desespero que viveu no momento em que a casa onde a fam\u00edlia mora foi invadida pela \u00e1gua, ele n\u00e3o escondeu a emo\u00e7\u00e3o e a tristeza.<\/p>\n\n\n\n<p>\u201cEu perdi tudo, perdi tudo. Mas eu preferia perder tudo, tudo mesmo, mas a minha filha estar comigo. Eu queria estar com ela nos bra\u00e7os, mas eu n\u00e3o consigo\u201d, afirmou em entrevista que cedeu a conversa \u00e0 RICtv.<\/p>\n\n\n\n<figure class=\"wp-block-image size-full\"><img loading=\"lazy\" decoding=\"async\" width=\"900\" height=\"408\" src=\"https:\/\/radiostudiow.com.br\/site\/wp-content\/uploads\/2024\/09\/image-64-1.png\" alt=\"\" class=\"wp-image-28207\" srcset=\"https:\/\/radiostudiow.com.br\/site\/wp-content\/uploads\/2024\/09\/image-64-1.png 900w, https:\/\/radiostudiow.com.br\/site\/wp-content\/uploads\/2024\/09\/image-64-1-300x136.png 300w, https:\/\/radiostudiow.com.br\/site\/wp-content\/uploads\/2024\/09\/image-64-1-768x348.png 768w\" sizes=\"auto, (max-width: 900px) 100vw, 900px\" \/><\/figure>\n\n\n\n<p>Kimberly foi arrastada pela correnteza que atingiu o Centro de Tradi\u00e7\u00f5es Ga\u00fachas (CTG) onde a fam\u00edlia mora, no bairro Planalto, um dos pontos mais afetados pela&nbsp;enchente.<\/p>\n\n\n\n<p>\u201cEra cerca de 1h da manh\u00e3 quando n\u00f3s escutamos um estouro. Eu at\u00e9 achei que era a perna da cama que tinha quebrado, mas a\u00ed que eu fui ver que caiu a parede do quarto das minhas meninas. Caiu a parede, e a cama virou. A minha mulher ainda falou, a menina vai cair no rio, a\u00ed eu peguei ela. Ent\u00e3o fizemos uma corrente e sa\u00edmos. Da\u00ed a minha filha maior escapou e no que eu fui salvar ela, a minha nen\u00ea, que estava com a m\u00e3e, foi levada pela \u00e1gua\u201d, complementa o pai.<\/p>\n","protected":false},"excerpt":{"rendered":"<p>O Corpo de Bombeiros localizou na manh\u00e3 desta sexta-feira (8), o corpo de\u00a0Kimberly Camargo, de apenas 2 anos,\u00a0que foi levada pela correnteza na madrugada desta quinta-feira (7), em General Carneiro. Segundo o Corpo de Bombeiros, a equipe chegou no local no in\u00edcio da manh\u00e3 e um terceiro, civil, informou que avistou a mesma, levando a [&hellip;]<\/p>\n","protected":false},"author":2,"featured_media":30012,"comment_status":"open","ping_status":"open","sticky":false,"template":"","format":"standard","meta":{"footnotes":""},"categories":[185],"tags":[172],"class_list":["post-30007","post","type-post","status-publish","format-standard","has-post-thumbnail","hentry","category-regional","tag-featured"],"amp_enabled":true,"_links":{"self":[{"href":"https:\/\/radiostudiow.com.br\/site\/wp-json\/wp\/v2\/posts\/30007","targetHints":{"allow":["GET"]}}],"collection":[{"href":"https:\/\/radiostudiow.com.br\/site\/wp-json\/wp\/v2\/posts"}],"about":[{"href":"https:\/\/radiostudiow.com.br\/site\/wp-json\/wp\/v2\/types\/post"}],"author":[{"embeddable":true,"href":"https:\/\/radiostudiow.com.br\/site\/wp-json\/wp\/v2\/users\/2"}],"replies":[{"embeddable":true,"href":"https:\/\/radiostudiow.com.br\/site\/wp-json\/wp\/v2\/comments?post=30007"}],"version-history":[{"count":2,"href":"https:\/\/radiostudiow.com.br\/site\/wp-json\/wp\/v2\/posts\/30007\/revisions"}],"predecessor-version":[{"id":30010,"href":"https:\/\/radiostudiow.com.br\/site\/wp-json\/wp\/v2\/posts\/30007\/revisions\/30010"}],"wp:featuredmedia":[{"embeddable":true,"href":"https:\/\/radiostudiow.com.br\/site\/wp-json\/wp\/v2\/media\/30012"}],"wp:attachment":[{"href":"https:\/\/radiostudiow.com.br\/site\/wp-json\/wp\/v2\/media?parent=30007"}],"wp:term":[{"taxonomy":"category","embeddable":true,"href":"https:\/\/radiostudiow.com.br\/site\/wp-json\/wp\/v2\/categories?post=30007"},{"taxonomy":"post_tag","embeddable":true,"href":"https:\/\/radiostudiow.com.br\/site\/wp-json\/wp\/v2\/tags?post=30007"}],"curies":[{"name":"wp","href":"https:\/\/api.w.org\/{rel}","templated":true}]}}