{"id":30014,"date":"2024-11-08T08:24:00","date_gmt":"2024-11-08T11:24:00","guid":{"rendered":"https:\/\/radiostudiow.com.br\/site\/?p=30014"},"modified":"2025-01-31T14:58:15","modified_gmt":"2025-01-31T17:58:15","slug":"agente-de-policia-judiciaria-mauro-sergio-batista-da-luz-lotado-na-10a-drp-de-mallet-foi-contemplado-com-uma-medalha-de-prata-pelos-23-anos-de-servico","status":"publish","type":"post","link":"https:\/\/radiostudiow.com.br\/site\/2024\/11\/08\/agente-de-policia-judiciaria-mauro-sergio-batista-da-luz-lotado-na-10a-drp-de-mallet-foi-contemplado-com-uma-medalha-de-prata-pelos-23-anos-de-servico\/","title":{"rendered":"Agente de Pol\u00edcia Judici\u00e1ria Mauro S\u00e9rgio Batista da Luz, lotado na 10\u00aa DRP de Mallet foi contemplado com uma medalha de prata pelos 23 anos de servi\u00e7o"},"content":{"rendered":"\n<p>A Pol\u00edcia Civil do Paran\u00e1 (PCPR) homenageou, nesta quarta-feira (6), policiais civis das Subdivis\u00f5es de S\u00e3o Mateus do Sul e Uni\u00e3o da Vit\u00f3ria, entregando medalhas de Servi\u00e7o Policial em reconhecimento aos anos de dedica\u00e7\u00e3o \u00e0 seguran\u00e7a p\u00fablica.<\/p>\n\n\n\n<figure class=\"wp-block-image size-full\"><img loading=\"lazy\" decoding=\"async\" width=\"897\" height=\"204\" src=\"https:\/\/radiostudiow.com.br\/site\/wp-content\/uploads\/2024\/11\/image-49.png\" alt=\"\" class=\"wp-image-30017\" srcset=\"https:\/\/radiostudiow.com.br\/site\/wp-content\/uploads\/2024\/11\/image-49.png 897w, https:\/\/radiostudiow.com.br\/site\/wp-content\/uploads\/2024\/11\/image-49-300x68.png 300w, https:\/\/radiostudiow.com.br\/site\/wp-content\/uploads\/2024\/11\/image-49-768x175.png 768w\" sizes=\"auto, (max-width: 897px) 100vw, 897px\" \/><\/figure>\n\n\n\n<p>O evento, realizado em S\u00e3o Mateus do Sul, celebrou os profissionais que completaram 10, 20 e 30 anos de servi\u00e7o.<\/p>\n\n\n\n<p>Na ocasi\u00e3o, o Agente de Pol\u00edcia Judici\u00e1ria Mauro S\u00e9rgio Batista da Luz, lotado na 10\u00aa DRP de Mallet desde o ano de 2001, foi contemplado com uma medalha de prata pelos 23 anos de servi\u00e7o, exercidos sempre com muita dedica\u00e7\u00e3o e excel\u00eancia.<\/p>\n\n\n\n<figure class=\"wp-block-image size-full\"><img loading=\"lazy\" decoding=\"async\" width=\"900\" height=\"408\" src=\"https:\/\/radiostudiow.com.br\/site\/wp-content\/uploads\/2024\/09\/image-64-1.png\" alt=\"\" class=\"wp-image-28207\" srcset=\"https:\/\/radiostudiow.com.br\/site\/wp-content\/uploads\/2024\/09\/image-64-1.png 900w, https:\/\/radiostudiow.com.br\/site\/wp-content\/uploads\/2024\/09\/image-64-1-300x136.png 300w, https:\/\/radiostudiow.com.br\/site\/wp-content\/uploads\/2024\/09\/image-64-1-768x348.png 768w\" sizes=\"auto, (max-width: 900px) 100vw, 900px\" \/><\/figure>\n\n\n\n<p>A medalha de Servi\u00e7o Policial \u00e9 concedida como forma de reconhecer a efici\u00eancia e os relevantes servi\u00e7os prestados em prol da Pol\u00edcia Civil do Paran\u00e1 e da seguran\u00e7a p\u00fablica.<\/p>\n\n\n\n<p>A cerim\u00f4nia refor\u00e7ou o compromisso da PCPR com o reconhecimento daqueles que dedicam suas vidas \u00e0 prote\u00e7\u00e3o da popula\u00e7\u00e3o.<\/p>\n\n\n\n<figure class=\"wp-block-gallery has-nested-images columns-default is-cropped wp-block-gallery-1 is-layout-flex wp-block-gallery-is-layout-flex\">\n<figure class=\"wp-block-image size-large\"><img loading=\"lazy\" decoding=\"async\" width=\"1024\" height=\"768\" data-id=\"30019\" src=\"https:\/\/radiostudiow.com.br\/site\/wp-content\/uploads\/2024\/11\/01-1-1-1024x768.jpg\" alt=\"\" class=\"wp-image-30019\" srcset=\"https:\/\/radiostudiow.com.br\/site\/wp-content\/uploads\/2024\/11\/01-1-1-1024x768.jpg 1024w, https:\/\/radiostudiow.com.br\/site\/wp-content\/uploads\/2024\/11\/01-1-1-300x225.jpg 300w, https:\/\/radiostudiow.com.br\/site\/wp-content\/uploads\/2024\/11\/01-1-1-768x576.jpg 768w, https:\/\/radiostudiow.com.br\/site\/wp-content\/uploads\/2024\/11\/01-1-1-1536x1152.jpg 1536w, https:\/\/radiostudiow.com.br\/site\/wp-content\/uploads\/2024\/11\/01-1-1-2048x1536.jpg 2048w\" sizes=\"auto, (max-width: 1024px) 100vw, 1024px\" \/><\/figure>\n\n\n\n<figure class=\"wp-block-image size-large\"><img loading=\"lazy\" decoding=\"async\" width=\"720\" height=\"893\" data-id=\"30020\" src=\"https:\/\/radiostudiow.com.br\/site\/wp-content\/uploads\/2024\/11\/01-2.jpeg\" alt=\"\" class=\"wp-image-30020\" srcset=\"https:\/\/radiostudiow.com.br\/site\/wp-content\/uploads\/2024\/11\/01-2.jpeg 720w, https:\/\/radiostudiow.com.br\/site\/wp-content\/uploads\/2024\/11\/01-2-242x300.jpeg 242w\" sizes=\"auto, (max-width: 720px) 100vw, 720px\" \/><\/figure>\n\n\n\n<figure class=\"wp-block-image size-large\"><img loading=\"lazy\" decoding=\"async\" width=\"1024\" height=\"768\" data-id=\"30021\" src=\"https:\/\/radiostudiow.com.br\/site\/wp-content\/uploads\/2024\/11\/01-2-1024x768.jpg\" alt=\"\" class=\"wp-image-30021\" srcset=\"https:\/\/radiostudiow.com.br\/site\/wp-content\/uploads\/2024\/11\/01-2-1024x768.jpg 1024w, https:\/\/radiostudiow.com.br\/site\/wp-content\/uploads\/2024\/11\/01-2-300x225.jpg 300w, https:\/\/radiostudiow.com.br\/site\/wp-content\/uploads\/2024\/11\/01-2-768x576.jpg 768w, https:\/\/radiostudiow.com.br\/site\/wp-content\/uploads\/2024\/11\/01-2-1536x1152.jpg 1536w, https:\/\/radiostudiow.com.br\/site\/wp-content\/uploads\/2024\/11\/01-2-2048x1536.jpg 2048w\" sizes=\"auto, (max-width: 1024px) 100vw, 1024px\" \/><\/figure>\n<\/figure>\n","protected":false},"excerpt":{"rendered":"<p>A Pol\u00edcia Civil do Paran\u00e1 (PCPR) homenageou, nesta quarta-feira (6), policiais civis das Subdivis\u00f5es de S\u00e3o Mateus do Sul e Uni\u00e3o da Vit\u00f3ria, entregando medalhas de Servi\u00e7o Policial em reconhecimento aos anos de dedica\u00e7\u00e3o \u00e0 seguran\u00e7a p\u00fablica. O evento, realizado em S\u00e3o Mateus do Sul, celebrou os profissionais que completaram 10, 20 e 30 anos [&hellip;]<\/p>\n","protected":false},"author":2,"featured_media":30018,"comment_status":"open","ping_status":"open","sticky":false,"template":"","format":"standard","meta":{"footnotes":""},"categories":[184],"tags":[172],"class_list":["post-30014","post","type-post","status-publish","format-standard","has-post-thumbnail","hentry","category-local","tag-featured"],"amp_enabled":true,"_links":{"self":[{"href":"https:\/\/radiostudiow.com.br\/site\/wp-json\/wp\/v2\/posts\/30014","targetHints":{"allow":["GET"]}}],"collection":[{"href":"https:\/\/radiostudiow.com.br\/site\/wp-json\/wp\/v2\/posts"}],"about":[{"href":"https:\/\/radiostudiow.com.br\/site\/wp-json\/wp\/v2\/types\/post"}],"author":[{"embeddable":true,"href":"https:\/\/radiostudiow.com.br\/site\/wp-json\/wp\/v2\/users\/2"}],"replies":[{"embeddable":true,"href":"https:\/\/radiostudiow.com.br\/site\/wp-json\/wp\/v2\/comments?post=30014"}],"version-history":[{"count":2,"href":"https:\/\/radiostudiow.com.br\/site\/wp-json\/wp\/v2\/posts\/30014\/revisions"}],"predecessor-version":[{"id":30022,"href":"https:\/\/radiostudiow.com.br\/site\/wp-json\/wp\/v2\/posts\/30014\/revisions\/30022"}],"wp:featuredmedia":[{"embeddable":true,"href":"https:\/\/radiostudiow.com.br\/site\/wp-json\/wp\/v2\/media\/30018"}],"wp:attachment":[{"href":"https:\/\/radiostudiow.com.br\/site\/wp-json\/wp\/v2\/media?parent=30014"}],"wp:term":[{"taxonomy":"category","embeddable":true,"href":"https:\/\/radiostudiow.com.br\/site\/wp-json\/wp\/v2\/categories?post=30014"},{"taxonomy":"post_tag","embeddable":true,"href":"https:\/\/radiostudiow.com.br\/site\/wp-json\/wp\/v2\/tags?post=30014"}],"curies":[{"name":"wp","href":"https:\/\/api.w.org\/{rel}","templated":true}]}}