{"id":30031,"date":"2024-11-08T10:34:56","date_gmt":"2024-11-08T13:34:56","guid":{"rendered":"https:\/\/radiostudiow.com.br\/site\/?p=30031"},"modified":"2025-01-31T14:58:15","modified_gmt":"2025-01-31T17:58:15","slug":"bicicleta-e-furtada-de-residencia-em-reboucas","status":"publish","type":"post","link":"https:\/\/radiostudiow.com.br\/site\/2024\/11\/08\/bicicleta-e-furtada-de-residencia-em-reboucas\/","title":{"rendered":"Bicicleta \u00e9 furtada de resid\u00eancia em Rebou\u00e7as"},"content":{"rendered":"\n<p>Uma bicicleta foi furtada do p\u00e1tio de uma resid\u00eancia na Vila Fac\u00e3o, em Rebou\u00e7as, na quarta-feira (06). A moradora da casa disse que saiu para trabalhar no per\u00edodo da manh\u00e3 e deixou a bicicleta encostada na parede do im\u00f3vel.<\/p>\n\n\n\n<figure class=\"wp-block-image size-full\"><img loading=\"lazy\" decoding=\"async\" width=\"300\" height=\"180\" src=\"https:\/\/radiostudiow.com.br\/site\/wp-content\/uploads\/2024\/04\/SITE-PEQUENO-1.png\" alt=\"\" class=\"wp-image-21868\"\/><\/figure>\n\n\n\n<p>Quando retornou ao local, a mulher constatou o furto. A Pol\u00edcia Militar realizou buscas, mas n\u00e3o encontrou o objeto furtado.<\/p>\n","protected":false},"excerpt":{"rendered":"<p>Uma bicicleta foi furtada do p\u00e1tio de uma resid\u00eancia na Vila Fac\u00e3o, em Rebou\u00e7as, na quarta-feira (06). A moradora da casa disse que saiu para trabalhar no per\u00edodo da manh\u00e3 e deixou a bicicleta encostada na parede do im\u00f3vel. Quando retornou ao local, a mulher constatou o furto. A Pol\u00edcia Militar realizou buscas, mas n\u00e3o [&hellip;]<\/p>\n","protected":false},"author":2,"featured_media":20848,"comment_status":"open","ping_status":"open","sticky":false,"template":"","format":"standard","meta":{"footnotes":""},"categories":[2],"tags":[172],"class_list":["post-30031","post","type-post","status-publish","format-standard","has-post-thumbnail","hentry","category-policial","tag-featured"],"amp_enabled":true,"_links":{"self":[{"href":"https:\/\/radiostudiow.com.br\/site\/wp-json\/wp\/v2\/posts\/30031","targetHints":{"allow":["GET"]}}],"collection":[{"href":"https:\/\/radiostudiow.com.br\/site\/wp-json\/wp\/v2\/posts"}],"about":[{"href":"https:\/\/radiostudiow.com.br\/site\/wp-json\/wp\/v2\/types\/post"}],"author":[{"embeddable":true,"href":"https:\/\/radiostudiow.com.br\/site\/wp-json\/wp\/v2\/users\/2"}],"replies":[{"embeddable":true,"href":"https:\/\/radiostudiow.com.br\/site\/wp-json\/wp\/v2\/comments?post=30031"}],"version-history":[{"count":1,"href":"https:\/\/radiostudiow.com.br\/site\/wp-json\/wp\/v2\/posts\/30031\/revisions"}],"predecessor-version":[{"id":30032,"href":"https:\/\/radiostudiow.com.br\/site\/wp-json\/wp\/v2\/posts\/30031\/revisions\/30032"}],"wp:featuredmedia":[{"embeddable":true,"href":"https:\/\/radiostudiow.com.br\/site\/wp-json\/wp\/v2\/media\/20848"}],"wp:attachment":[{"href":"https:\/\/radiostudiow.com.br\/site\/wp-json\/wp\/v2\/media?parent=30031"}],"wp:term":[{"taxonomy":"category","embeddable":true,"href":"https:\/\/radiostudiow.com.br\/site\/wp-json\/wp\/v2\/categories?post=30031"},{"taxonomy":"post_tag","embeddable":true,"href":"https:\/\/radiostudiow.com.br\/site\/wp-json\/wp\/v2\/tags?post=30031"}],"curies":[{"name":"wp","href":"https:\/\/api.w.org\/{rel}","templated":true}]}}