{"id":30033,"date":"2024-11-08T10:38:11","date_gmt":"2024-11-08T13:38:11","guid":{"rendered":"https:\/\/radiostudiow.com.br\/site\/?p=30033"},"modified":"2025-01-31T14:58:15","modified_gmt":"2025-01-31T17:58:15","slug":"homem-ameacado-pelo-sogro-em-rio-azul","status":"publish","type":"post","link":"https:\/\/radiostudiow.com.br\/site\/2024\/11\/08\/homem-ameacado-pelo-sogro-em-rio-azul\/","title":{"rendered":"Homem amea\u00e7ado pelo sogro em Rio Azul"},"content":{"rendered":"\n<p>Em Rio Azul, um homem afirmou que teve um desentendimento com seu sogro na localidade de Salto do Bra\u00e7o do Potinga, no interior do munic\u00edpio, na manh\u00e3 desta quarta-feira (06). A situa\u00e7\u00e3o ocorreu em fun\u00e7\u00e3o de assuntos referentes ao trabalho dos dois envolvidos.<\/p>\n\n\n\n<figure class=\"wp-block-image size-large\"><img decoding=\"async\" src=\"https:\/\/radiostudiow.com.br\/site\/wp-content\/uploads\/2024\/10\/zm_0002_24AG_anuncio_261x83mm-1024x359.png\" alt=\"\" class=\"wp-image-28224\"\/><\/figure>\n\n\n\n<p>O sogro amea\u00e7ou agredir o genro. A v\u00edtima disse que os desentendimentos s\u00e3o frequentes e resolveu procurar a PM para denunciar o autor das amea\u00e7as. O homem foi orientado sobre o prazo de representa\u00e7\u00e3o na Pol\u00edcia Civil.<\/p>\n","protected":false},"excerpt":{"rendered":"<p>Em Rio Azul, um homem afirmou que teve um desentendimento com seu sogro na localidade de Salto do Bra\u00e7o do Potinga, no interior do munic\u00edpio, na manh\u00e3 desta quarta-feira (06). A situa\u00e7\u00e3o ocorreu em fun\u00e7\u00e3o de assuntos referentes ao trabalho dos dois envolvidos. O sogro amea\u00e7ou agredir o genro. A v\u00edtima disse que os desentendimentos [&hellip;]<\/p>\n","protected":false},"author":2,"featured_media":25552,"comment_status":"open","ping_status":"open","sticky":false,"template":"","format":"standard","meta":{"footnotes":""},"categories":[2],"tags":[172],"class_list":["post-30033","post","type-post","status-publish","format-standard","has-post-thumbnail","hentry","category-policial","tag-featured"],"amp_enabled":true,"_links":{"self":[{"href":"https:\/\/radiostudiow.com.br\/site\/wp-json\/wp\/v2\/posts\/30033","targetHints":{"allow":["GET"]}}],"collection":[{"href":"https:\/\/radiostudiow.com.br\/site\/wp-json\/wp\/v2\/posts"}],"about":[{"href":"https:\/\/radiostudiow.com.br\/site\/wp-json\/wp\/v2\/types\/post"}],"author":[{"embeddable":true,"href":"https:\/\/radiostudiow.com.br\/site\/wp-json\/wp\/v2\/users\/2"}],"replies":[{"embeddable":true,"href":"https:\/\/radiostudiow.com.br\/site\/wp-json\/wp\/v2\/comments?post=30033"}],"version-history":[{"count":1,"href":"https:\/\/radiostudiow.com.br\/site\/wp-json\/wp\/v2\/posts\/30033\/revisions"}],"predecessor-version":[{"id":30034,"href":"https:\/\/radiostudiow.com.br\/site\/wp-json\/wp\/v2\/posts\/30033\/revisions\/30034"}],"wp:featuredmedia":[{"embeddable":true,"href":"https:\/\/radiostudiow.com.br\/site\/wp-json\/wp\/v2\/media\/25552"}],"wp:attachment":[{"href":"https:\/\/radiostudiow.com.br\/site\/wp-json\/wp\/v2\/media?parent=30033"}],"wp:term":[{"taxonomy":"category","embeddable":true,"href":"https:\/\/radiostudiow.com.br\/site\/wp-json\/wp\/v2\/categories?post=30033"},{"taxonomy":"post_tag","embeddable":true,"href":"https:\/\/radiostudiow.com.br\/site\/wp-json\/wp\/v2\/tags?post=30033"}],"curies":[{"name":"wp","href":"https:\/\/api.w.org\/{rel}","templated":true}]}}