{"id":30039,"date":"2024-11-08T12:02:31","date_gmt":"2024-11-08T15:02:31","guid":{"rendered":"https:\/\/radiostudiow.com.br\/site\/?p=30039"},"modified":"2025-01-31T14:58:15","modified_gmt":"2025-01-31T17:58:15","slug":"carreta-de-uniao-da-vitoria-tombou-na-br-476-em-lapa","status":"publish","type":"post","link":"https:\/\/radiostudiow.com.br\/site\/2024\/11\/08\/carreta-de-uniao-da-vitoria-tombou-na-br-476-em-lapa\/","title":{"rendered":"Carreta de Uni\u00e3o da Vit\u00f3ria tombou na BR-476 em Lapa"},"content":{"rendered":"\n<p>Na manh\u00e3 desta quinta-feira, 07 de novembro, foi registrado um acidente na Rodovia do Xisto (BR-476), no munic\u00edpio de Lapa. Uma carreta, com placas de Uni\u00e3o da Vit\u00f3ria, tombou no km 238, nas proximidades do restaurante Bezerr\u00e3o. A carga do ve\u00edculo era composta por papel\u00e3o, e o acidente provocou a interdi\u00e7\u00e3o parcial da pista.<\/p>\n\n\n\n<figure class=\"wp-block-image size-large\"><img decoding=\"async\" src=\"https:\/\/radiostudiow.com.br\/site\/wp-content\/uploads\/2024\/10\/zm_0002_24AG_anuncio_261x83mm-1024x359.png\" alt=\"\" class=\"wp-image-28224\"\/><\/figure>\n\n\n\n<p>Segundo informa\u00e7\u00f5es preliminares, a Pol\u00edcia Rodovi\u00e1ria Federal (PRF) j\u00e1 est\u00e1 em deslocamento para o local, e mais detalhes sobre a ocorr\u00eancia ser\u00e3o divulgados em breve.<\/p>\n\n\n\n<p>Ainda de acordo com a PRF, outro incidente foi registrado na mesma rodovia, desta vez no km 226, onde uma carreta fez \u201cL\u201d em uma curva, complicando o tr\u00e1fego na regi\u00e3o. Equipes da PRF seguem no atendimento das ocorr\u00eancias.<\/p>\n\n\n\n<p>Mais informa\u00e7\u00f5es sobre as condi\u00e7\u00f5es do tr\u00e1fego e a evolu\u00e7\u00e3o dos atendimentos ser\u00e3o fornecidas conforme o andamento dos trabalhos de resgates e retiradas dos ve\u00edculos acidentados.<\/p>\n\n\n\n<figure class=\"wp-block-image size-full\"><img loading=\"lazy\" decoding=\"async\" width=\"720\" height=\"405\" src=\"https:\/\/radiostudiow.com.br\/site\/wp-content\/uploads\/2024\/11\/image-51.png\" alt=\"\" class=\"wp-image-30040\" srcset=\"https:\/\/radiostudiow.com.br\/site\/wp-content\/uploads\/2024\/11\/image-51.png 720w, https:\/\/radiostudiow.com.br\/site\/wp-content\/uploads\/2024\/11\/image-51-300x169.png 300w\" sizes=\"auto, (max-width: 720px) 100vw, 720px\" \/><\/figure>\n\n\n\n<p><\/p>\n","protected":false},"excerpt":{"rendered":"<p>Na manh\u00e3 desta quinta-feira, 07 de novembro, foi registrado um acidente na Rodovia do Xisto (BR-476), no munic\u00edpio de Lapa. Uma carreta, com placas de Uni\u00e3o da Vit\u00f3ria, tombou no km 238, nas proximidades do restaurante Bezerr\u00e3o. A carga do ve\u00edculo era composta por papel\u00e3o, e o acidente provocou a interdi\u00e7\u00e3o parcial da pista. Segundo [&hellip;]<\/p>\n","protected":false},"author":2,"featured_media":30040,"comment_status":"open","ping_status":"open","sticky":false,"template":"","format":"standard","meta":{"footnotes":""},"categories":[185],"tags":[172],"class_list":["post-30039","post","type-post","status-publish","format-standard","has-post-thumbnail","hentry","category-regional","tag-featured"],"amp_enabled":true,"_links":{"self":[{"href":"https:\/\/radiostudiow.com.br\/site\/wp-json\/wp\/v2\/posts\/30039","targetHints":{"allow":["GET"]}}],"collection":[{"href":"https:\/\/radiostudiow.com.br\/site\/wp-json\/wp\/v2\/posts"}],"about":[{"href":"https:\/\/radiostudiow.com.br\/site\/wp-json\/wp\/v2\/types\/post"}],"author":[{"embeddable":true,"href":"https:\/\/radiostudiow.com.br\/site\/wp-json\/wp\/v2\/users\/2"}],"replies":[{"embeddable":true,"href":"https:\/\/radiostudiow.com.br\/site\/wp-json\/wp\/v2\/comments?post=30039"}],"version-history":[{"count":2,"href":"https:\/\/radiostudiow.com.br\/site\/wp-json\/wp\/v2\/posts\/30039\/revisions"}],"predecessor-version":[{"id":30063,"href":"https:\/\/radiostudiow.com.br\/site\/wp-json\/wp\/v2\/posts\/30039\/revisions\/30063"}],"wp:featuredmedia":[{"embeddable":true,"href":"https:\/\/radiostudiow.com.br\/site\/wp-json\/wp\/v2\/media\/30040"}],"wp:attachment":[{"href":"https:\/\/radiostudiow.com.br\/site\/wp-json\/wp\/v2\/media?parent=30039"}],"wp:term":[{"taxonomy":"category","embeddable":true,"href":"https:\/\/radiostudiow.com.br\/site\/wp-json\/wp\/v2\/categories?post=30039"},{"taxonomy":"post_tag","embeddable":true,"href":"https:\/\/radiostudiow.com.br\/site\/wp-json\/wp\/v2\/tags?post=30039"}],"curies":[{"name":"wp","href":"https:\/\/api.w.org\/{rel}","templated":true}]}}