{"id":30043,"date":"2024-11-08T12:04:44","date_gmt":"2024-11-08T15:04:44","guid":{"rendered":"https:\/\/radiostudiow.com.br\/site\/?p=30043"},"modified":"2025-01-31T14:58:15","modified_gmt":"2025-01-31T17:58:15","slug":"menina-de-8-anos-cai-do-3o-andar-de-predio-no-centro-de-uniao-da-vitoria","status":"publish","type":"post","link":"https:\/\/radiostudiow.com.br\/site\/2024\/11\/08\/menina-de-8-anos-cai-do-3o-andar-de-predio-no-centro-de-uniao-da-vitoria\/","title":{"rendered":"Menina de 8 anos cai do 3\u00ba andar de pr\u00e9dio no centro de Uni\u00e3o da Vit\u00f3ria"},"content":{"rendered":"\n<p>Uma menina de 8 anos caiu do terceiro andar do pr\u00e9dio onde mora, no centro de Uni\u00e3o da Vit\u00f3ria, na manh\u00e3 desta sexta-feira, 8.&nbsp;O chamado chegou \u00e0 equipe dos Bombeiros por volta das 9h18, relatando a queda de uma pessoa de um plano elevado.<\/p>\n\n\n\n<figure class=\"wp-block-image size-full\"><img loading=\"lazy\" decoding=\"async\" width=\"598\" height=\"204\" src=\"https:\/\/radiostudiow.com.br\/site\/wp-content\/uploads\/2024\/10\/labirati.png\" alt=\"\" class=\"wp-image-28854\" srcset=\"https:\/\/radiostudiow.com.br\/site\/wp-content\/uploads\/2024\/10\/labirati.png 598w, https:\/\/radiostudiow.com.br\/site\/wp-content\/uploads\/2024\/10\/labirati-300x102.png 300w\" sizes=\"auto, (max-width: 598px) 100vw, 598px\" \/><\/figure>\n\n\n\n<p>De acordo com testemunhas que auxiliaram no resgate, a queda foi parcialmente amortecida por um carro estacionado na rua, o que pode ter ajudado a reduzir a gravidade dos ferimentos.<\/p>\n\n\n\n<p>A menina sofreu les\u00f5es na regi\u00e3o da boca e foi imediatamente encaminhada ao Hospital Regional.Ap\u00f3s o atendimento inicial, ela est\u00e1 sendo transferida para a&nbsp;Associa\u00e7\u00e3o de Prote\u00e7\u00e3o \u00e0 Maternidade e \u00e0 Inf\u00e2ncia (APMI) para cuidados adicionais.&nbsp;At\u00e9 o momento, o quadro de sa\u00fade da crian\u00e7a n\u00e3o foi divulgado pelas autoridades.<\/p>\n\n\n\n<p>As circunst\u00e2ncias do acidente est\u00e3o sendo investigadas.<\/p>\n\n\n\n<figure class=\"wp-block-image size-full\"><img loading=\"lazy\" decoding=\"async\" width=\"900\" height=\"408\" src=\"https:\/\/radiostudiow.com.br\/site\/wp-content\/uploads\/2024\/09\/image-64-1.png\" alt=\"\" class=\"wp-image-28207\" srcset=\"https:\/\/radiostudiow.com.br\/site\/wp-content\/uploads\/2024\/09\/image-64-1.png 900w, https:\/\/radiostudiow.com.br\/site\/wp-content\/uploads\/2024\/09\/image-64-1-300x136.png 300w, https:\/\/radiostudiow.com.br\/site\/wp-content\/uploads\/2024\/09\/image-64-1-768x348.png 768w\" sizes=\"auto, (max-width: 900px) 100vw, 900px\" \/><\/figure>\n\n\n\n<p>Ap\u00f3s o atendimento inicial, ela est\u00e1 sendo transferida para a&nbsp;Associa\u00e7\u00e3o de Prote\u00e7\u00e3o \u00e0 Maternidade e \u00e0 Inf\u00e2ncia (APMI) para cuidados adicionais.&nbsp;At\u00e9 o momento, o quadro de sa\u00fade da crian\u00e7a n\u00e3o foi divulgado pelas autoridades.<\/p>\n\n\n\n<p>As circunst\u00e2ncias do acidente est\u00e3o sendo investigadas.<\/p>\n\n\n\n<figure class=\"wp-block-image size-full\"><img loading=\"lazy\" decoding=\"async\" width=\"450\" height=\"600\" src=\"https:\/\/radiostudiow.com.br\/site\/wp-content\/uploads\/2024\/11\/image-53.png\" alt=\"\" class=\"wp-image-30044\" srcset=\"https:\/\/radiostudiow.com.br\/site\/wp-content\/uploads\/2024\/11\/image-53.png 450w, https:\/\/radiostudiow.com.br\/site\/wp-content\/uploads\/2024\/11\/image-53-225x300.png 225w\" sizes=\"auto, (max-width: 450px) 100vw, 450px\" \/><figcaption class=\"wp-element-caption\">Fotos: Portal Vvale<\/figcaption><\/figure>\n","protected":false},"excerpt":{"rendered":"<p>Uma menina de 8 anos caiu do terceiro andar do pr\u00e9dio onde mora, no centro de Uni\u00e3o da Vit\u00f3ria, na manh\u00e3 desta sexta-feira, 8.&nbsp;O chamado chegou \u00e0 equipe dos Bombeiros por volta das 9h18, relatando a queda de uma pessoa de um plano elevado. De acordo com testemunhas que auxiliaram no resgate, a queda foi [&hellip;]<\/p>\n","protected":false},"author":2,"featured_media":30045,"comment_status":"open","ping_status":"open","sticky":false,"template":"","format":"standard","meta":{"footnotes":""},"categories":[185],"tags":[172],"class_list":["post-30043","post","type-post","status-publish","format-standard","has-post-thumbnail","hentry","category-regional","tag-featured"],"amp_enabled":true,"_links":{"self":[{"href":"https:\/\/radiostudiow.com.br\/site\/wp-json\/wp\/v2\/posts\/30043","targetHints":{"allow":["GET"]}}],"collection":[{"href":"https:\/\/radiostudiow.com.br\/site\/wp-json\/wp\/v2\/posts"}],"about":[{"href":"https:\/\/radiostudiow.com.br\/site\/wp-json\/wp\/v2\/types\/post"}],"author":[{"embeddable":true,"href":"https:\/\/radiostudiow.com.br\/site\/wp-json\/wp\/v2\/users\/2"}],"replies":[{"embeddable":true,"href":"https:\/\/radiostudiow.com.br\/site\/wp-json\/wp\/v2\/comments?post=30043"}],"version-history":[{"count":2,"href":"https:\/\/radiostudiow.com.br\/site\/wp-json\/wp\/v2\/posts\/30043\/revisions"}],"predecessor-version":[{"id":30055,"href":"https:\/\/radiostudiow.com.br\/site\/wp-json\/wp\/v2\/posts\/30043\/revisions\/30055"}],"wp:featuredmedia":[{"embeddable":true,"href":"https:\/\/radiostudiow.com.br\/site\/wp-json\/wp\/v2\/media\/30045"}],"wp:attachment":[{"href":"https:\/\/radiostudiow.com.br\/site\/wp-json\/wp\/v2\/media?parent=30043"}],"wp:term":[{"taxonomy":"category","embeddable":true,"href":"https:\/\/radiostudiow.com.br\/site\/wp-json\/wp\/v2\/categories?post=30043"},{"taxonomy":"post_tag","embeddable":true,"href":"https:\/\/radiostudiow.com.br\/site\/wp-json\/wp\/v2\/tags?post=30043"}],"curies":[{"name":"wp","href":"https:\/\/api.w.org\/{rel}","templated":true}]}}