{"id":30048,"date":"2024-11-08T20:24:43","date_gmt":"2024-11-08T23:24:43","guid":{"rendered":"https:\/\/radiostudiow.com.br\/site\/?p=30048"},"modified":"2025-01-31T14:58:14","modified_gmt":"2025-01-31T17:58:14","slug":"atropelamento-em-cruz-machado-motorista-embriagado-detido-apos-acidente-e-fuga","status":"publish","type":"post","link":"https:\/\/radiostudiow.com.br\/site\/2024\/11\/08\/atropelamento-em-cruz-machado-motorista-embriagado-detido-apos-acidente-e-fuga\/","title":{"rendered":"Motorista embriagado \u00e9 detido ap\u00f3s atropelamento e fuga em Cruz Machado"},"content":{"rendered":"\n<p>A equipe da Pol\u00edcia Militar de Cruz Machado foi acionada para atender um acidente de tr\u00e2nsito na \u00e1rea central do munic\u00edpio por volta das 17:18 horas desta quinta-feira (07).<\/p>\n\n\n\n<figure class=\"wp-block-image size-full\"><img loading=\"lazy\" decoding=\"async\" width=\"900\" height=\"408\" src=\"https:\/\/radiostudiow.com.br\/site\/wp-content\/uploads\/2024\/09\/image-64-1.png\" alt=\"\" class=\"wp-image-28207\" srcset=\"https:\/\/radiostudiow.com.br\/site\/wp-content\/uploads\/2024\/09\/image-64-1.png 900w, https:\/\/radiostudiow.com.br\/site\/wp-content\/uploads\/2024\/09\/image-64-1-300x136.png 300w, https:\/\/radiostudiow.com.br\/site\/wp-content\/uploads\/2024\/09\/image-64-1-768x348.png 768w\" sizes=\"auto, (max-width: 900px) 100vw, 900px\" \/><\/figure>\n\n\n\n<p>Chegando ao local, os policiais constataram que se tratava de um atropelamento, no qual a v\u00edtima foi atingida por um ve\u00edculo e encaminhada, com apoio do SAMU, ao Hospital Municipal.<\/p>\n\n\n\n<p>Testemunhas an\u00f4nimas relataram que o ve\u00edculo envolvido no acidente seria um Fiat\/Palio de cor preta, que ap\u00f3s o atropelamento, fugiu em dire\u00e7\u00e3o \u00e0 localidade Santana.<\/p>\n\n\n\n<p>Diante das informa\u00e7\u00f5es, a equipe policial iniciou patrulhamento nas proximidades e localizou o ve\u00edculo e o poss\u00edvel autor do atropelamento.<\/p>\n\n\n\n<figure class=\"wp-block-image size-large\"><img decoding=\"async\" src=\"https:\/\/radiostudiow.com.br\/site\/wp-content\/uploads\/2024\/11\/image-24-1024x390.png\" alt=\"\" class=\"wp-image-29793\"\/><\/figure>\n\n\n\n<p>O motorista, identificado posteriormente, apresentava sinais claros de embriaguez, como odor et\u00edlico, vestes desajustadas e andar cambaleante.<\/p>\n\n\n\n<p>Diante da situa\u00e7\u00e3o, foi realizada a apreens\u00e3o do carro, e o condutor foi detido e encaminhado, juntamente com o ve\u00edculo, para a 4\u00aa Subdivis\u00e3o Policial de Uni\u00e3o da Vit\u00f3ria (PR), onde ficar\u00e1 \u00e0 disposi\u00e7\u00e3o das autoridades competentes.<\/p>\n","protected":false},"excerpt":{"rendered":"<p>A equipe da Pol\u00edcia Militar de Cruz Machado foi acionada para atender um acidente de tr\u00e2nsito na \u00e1rea central do munic\u00edpio por volta das 17:18 horas desta quinta-feira (07). Chegando ao local, os policiais constataram que se tratava de um atropelamento, no qual a v\u00edtima foi atingida por um ve\u00edculo e encaminhada, com apoio do [&hellip;]<\/p>\n","protected":false},"author":2,"featured_media":29740,"comment_status":"open","ping_status":"open","sticky":false,"template":"","format":"standard","meta":{"footnotes":""},"categories":[2],"tags":[172],"class_list":["post-30048","post","type-post","status-publish","format-standard","has-post-thumbnail","hentry","category-policial","tag-featured"],"amp_enabled":true,"_links":{"self":[{"href":"https:\/\/radiostudiow.com.br\/site\/wp-json\/wp\/v2\/posts\/30048","targetHints":{"allow":["GET"]}}],"collection":[{"href":"https:\/\/radiostudiow.com.br\/site\/wp-json\/wp\/v2\/posts"}],"about":[{"href":"https:\/\/radiostudiow.com.br\/site\/wp-json\/wp\/v2\/types\/post"}],"author":[{"embeddable":true,"href":"https:\/\/radiostudiow.com.br\/site\/wp-json\/wp\/v2\/users\/2"}],"replies":[{"embeddable":true,"href":"https:\/\/radiostudiow.com.br\/site\/wp-json\/wp\/v2\/comments?post=30048"}],"version-history":[{"count":3,"href":"https:\/\/radiostudiow.com.br\/site\/wp-json\/wp\/v2\/posts\/30048\/revisions"}],"predecessor-version":[{"id":30089,"href":"https:\/\/radiostudiow.com.br\/site\/wp-json\/wp\/v2\/posts\/30048\/revisions\/30089"}],"wp:featuredmedia":[{"embeddable":true,"href":"https:\/\/radiostudiow.com.br\/site\/wp-json\/wp\/v2\/media\/29740"}],"wp:attachment":[{"href":"https:\/\/radiostudiow.com.br\/site\/wp-json\/wp\/v2\/media?parent=30048"}],"wp:term":[{"taxonomy":"category","embeddable":true,"href":"https:\/\/radiostudiow.com.br\/site\/wp-json\/wp\/v2\/categories?post=30048"},{"taxonomy":"post_tag","embeddable":true,"href":"https:\/\/radiostudiow.com.br\/site\/wp-json\/wp\/v2\/tags?post=30048"}],"curies":[{"name":"wp","href":"https:\/\/api.w.org\/{rel}","templated":true}]}}