{"id":30115,"date":"2024-11-11T18:25:23","date_gmt":"2024-11-11T21:25:23","guid":{"rendered":"https:\/\/radiostudiow.com.br\/site\/?p=30115"},"modified":"2025-01-31T14:58:14","modified_gmt":"2025-01-31T17:58:14","slug":"aplicacao-da-prova-parana-mais-comeca-nesta-semana-em-toda-a-rede-estadual","status":"publish","type":"post","link":"https:\/\/radiostudiow.com.br\/site\/2024\/11\/11\/aplicacao-da-prova-parana-mais-comeca-nesta-semana-em-toda-a-rede-estadual\/","title":{"rendered":"Aplica\u00e7\u00e3o da Prova Paran\u00e1 Mais come\u00e7a nesta semana em toda a rede estadual"},"content":{"rendered":"\n<p>A Secretaria de Estado da Educa\u00e7\u00e3o do Paran\u00e1 (Seed) aplica, a partir desta semana, a Prova Paran\u00e1 Mais, avalia\u00e7\u00e3o que tem como objetivo analisar o desempenho dos estudantes em diferentes n\u00edveis de aprendizagem.&nbsp;Cerca 587 mil estudantes em todo o Estado devem realizar os exames.<\/p>\n\n\n\n<p>Para os alunos das 3\u00aa e 4\u00aa s\u00e9ries do Ensino M\u00e9dio, essa prova tem uma import\u00e2ncia adicional: a nota pode ser utilizada para compor a pontua\u00e7\u00e3o no processo seletivo de ingresso nas universidades estaduais. Esse processo \u00e9 viabilizado pelo sistema<a href=\"https:\/\/www.aen.pr.gov.br\/Noticia\/Governo-lanca-Aprova-Parana-Universidades-para-ampliar-acesso-ao-Ensino-Superior\" target=\"_blank\" rel=\"noreferrer noopener\">&nbsp;Aprova Paran\u00e1 Universidades<\/a>, lan\u00e7ado na \u00faltima quinta-feira (7).<\/p>\n\n\n\n<figure class=\"wp-block-image size-large\"><img decoding=\"async\" src=\"https:\/\/radiostudiow.com.br\/site\/wp-content\/uploads\/2024\/10\/zm_0002_24AG_anuncio_261x83mm-1024x359.png\" alt=\"\" class=\"wp-image-28224\"\/><\/figure>\n\n\n\n<p>O novo programa educacional garante que 20% das vagas nas universidades estaduais sejam reservadas para alunos da rede p\u00fablica de ensino, com base na nota obtida na Prova Paran\u00e1 Mais. O programa cria um sistema integrado de aproveitamento de notas, oferecendo uma nova alternativa para o acesso ao ensino superior no Estado.<\/p>\n\n\n\n<p>As provas ser\u00e3o em formato impresso e realizadas em per\u00edodos diferentes, distribu\u00eddas de acordo com as s\u00e9ries da Educa\u00e7\u00e3o B\u00e1sica. Os componentes curriculares abordados tamb\u00e9m variam, conforme o n\u00edvel escolar, da seguinte forma:<\/p>\n\n\n\n<p>\u2013 Os estudantes de 2\u00ba ano do Ensino Fundamental \u2013 Anos Iniciais, final da etapa de alfabetiza\u00e7\u00e3o, realizar\u00e3o as provas nos componentes de L\u00edngua Portuguesa e Matem\u00e1tica.<\/p>\n\n\n\n<p>\u2013 Os estudantes de 5\u00ba ano, final da etapa do Ensino Fundamental \u2013 Anos Iniciais, realizar\u00e3o as provas nos componentes de L\u00edngua Portuguesa e Matem\u00e1tica.<\/p>\n\n\n\n<p>\u2013 Os estudantes de 9\u00ba ano, final da etapa do Ensino Fundamental \u2013 Anos Finais, realizar\u00e3o as provas nos componentes de L\u00edngua Portuguesa e Matem\u00e1tica.<\/p>\n\n\n\n<p>As provas para os estudantes do Ensino Fundamental ser\u00e3o aplicadas entre os dias 11 e 29 de novembro.<\/p>\n\n\n\n<figure class=\"wp-block-image size-full\"><img loading=\"lazy\" decoding=\"async\" width=\"598\" height=\"204\" src=\"https:\/\/radiostudiow.com.br\/site\/wp-content\/uploads\/2024\/04\/image-29.png\" alt=\"\" class=\"wp-image-21283\" srcset=\"https:\/\/radiostudiow.com.br\/site\/wp-content\/uploads\/2024\/04\/image-29.png 598w, https:\/\/radiostudiow.com.br\/site\/wp-content\/uploads\/2024\/04\/image-29-300x102.png 300w\" sizes=\"auto, (max-width: 598px) 100vw, 598px\" \/><\/figure>\n\n\n\n<p>J\u00e1 os estudantes de 3\u00aa &nbsp;e 4\u00aa s\u00e9ries, do final da etapa do Ensino M\u00e9dio, matriculados nos cursos regulares e integrados \u00e0 Educa\u00e7\u00e3o Profissional, realizar\u00e3o as provas dos componentes de L\u00edngua Portuguesa, Literatura, Matem\u00e1tica, Arte, Educa\u00e7\u00e3o F\u00edsica, L\u00edngua Inglesa e Reda\u00e7\u00e3o no primeiro dia de prova (agendado para 12 de novembro).<\/p>\n\n\n\n<p>No segundo dia (13 de novembro), os alunos realizar\u00e3o as provas dos componentes de Geografia, Hist\u00f3ria, Sociologia, Filosofia, Biologia, F\u00edsica e Qu\u00edmica. As provas contemplam as habilidades somente da Forma\u00e7\u00e3o Geral B\u00e1sica.<\/p>\n\n\n\n<p><strong><em>\u201cParticipar da Prova Paran\u00e1 Mais \u00e9 uma grande oportunidade para nossos estudantes, especialmente para aqueles que est\u00e3o se preparando para a transi\u00e7\u00e3o ao ensino superior. Essa avalia\u00e7\u00e3o n\u00e3o s\u00f3 nos permite entender melhor o n\u00edvel de aprendizado e as necessidades de cada estudante em diferentes etapas, mas tamb\u00e9m oferece aos alunos das 3\u00aa e 4\u00aa s\u00e9ries do Ensino M\u00e9dio uma vantagem importante na busca por uma vaga nas universidades estaduais\u201d, destaca o secret\u00e1rio de Estado da Educa\u00e7\u00e3o, Roni Miranda.<\/em><\/strong><\/p>\n","protected":false},"excerpt":{"rendered":"<p>A Secretaria de Estado da Educa\u00e7\u00e3o do Paran\u00e1 (Seed) aplica, a partir desta semana, a Prova Paran\u00e1 Mais, avalia\u00e7\u00e3o que tem como objetivo analisar o desempenho dos estudantes em diferentes n\u00edveis de aprendizagem.&nbsp;Cerca 587 mil estudantes em todo o Estado devem realizar os exames. Para os alunos das 3\u00aa e 4\u00aa s\u00e9ries do Ensino M\u00e9dio, [&hellip;]<\/p>\n","protected":false},"author":2,"featured_media":30142,"comment_status":"open","ping_status":"open","sticky":false,"template":"","format":"standard","meta":{"footnotes":""},"categories":[7],"tags":[172],"class_list":["post-30115","post","type-post","status-publish","format-standard","has-post-thumbnail","hentry","category-geral","tag-featured"],"amp_enabled":true,"_links":{"self":[{"href":"https:\/\/radiostudiow.com.br\/site\/wp-json\/wp\/v2\/posts\/30115","targetHints":{"allow":["GET"]}}],"collection":[{"href":"https:\/\/radiostudiow.com.br\/site\/wp-json\/wp\/v2\/posts"}],"about":[{"href":"https:\/\/radiostudiow.com.br\/site\/wp-json\/wp\/v2\/types\/post"}],"author":[{"embeddable":true,"href":"https:\/\/radiostudiow.com.br\/site\/wp-json\/wp\/v2\/users\/2"}],"replies":[{"embeddable":true,"href":"https:\/\/radiostudiow.com.br\/site\/wp-json\/wp\/v2\/comments?post=30115"}],"version-history":[{"count":2,"href":"https:\/\/radiostudiow.com.br\/site\/wp-json\/wp\/v2\/posts\/30115\/revisions"}],"predecessor-version":[{"id":30141,"href":"https:\/\/radiostudiow.com.br\/site\/wp-json\/wp\/v2\/posts\/30115\/revisions\/30141"}],"wp:featuredmedia":[{"embeddable":true,"href":"https:\/\/radiostudiow.com.br\/site\/wp-json\/wp\/v2\/media\/30142"}],"wp:attachment":[{"href":"https:\/\/radiostudiow.com.br\/site\/wp-json\/wp\/v2\/media?parent=30115"}],"wp:term":[{"taxonomy":"category","embeddable":true,"href":"https:\/\/radiostudiow.com.br\/site\/wp-json\/wp\/v2\/categories?post=30115"},{"taxonomy":"post_tag","embeddable":true,"href":"https:\/\/radiostudiow.com.br\/site\/wp-json\/wp\/v2\/tags?post=30115"}],"curies":[{"name":"wp","href":"https:\/\/api.w.org\/{rel}","templated":true}]}}