{"id":30118,"date":"2024-11-12T11:57:40","date_gmt":"2024-11-12T14:57:40","guid":{"rendered":"https:\/\/radiostudiow.com.br\/site\/?p=30118"},"modified":"2025-01-31T14:58:14","modified_gmt":"2025-01-31T17:58:14","slug":"facilidade-para-renovacao-da-cnh-no-parana","status":"publish","type":"post","link":"https:\/\/radiostudiow.com.br\/site\/2024\/11\/12\/facilidade-para-renovacao-da-cnh-no-parana\/","title":{"rendered":"Facilidade para renova\u00e7\u00e3o da CNH no Paran\u00e1"},"content":{"rendered":"\n<p>Cerca de 6,4 milh\u00f5es de motoristas que possuem Carteira Nacional de Habilita\u00e7\u00e3o (CNH) emitida no Paran\u00e1 poder\u00e3o atualizar a imagem pelo pr\u00f3prio celular. A medida, anunciada nesta segunda-feira (11) pelo governador Carlos Massa Ratinho Junior, faz parte de uma parceria mais ampla do Governo do Estado com a Google e que pretende facilitar o acesso da popula\u00e7\u00e3o a cerca de 30 tipos diferentes de servi\u00e7os p\u00fablicos com o uso de novas solu\u00e7\u00f5es de Intelig\u00eancia Artificial (IA) a partir de 2025.<\/p>\n\n\n\n<p>A funcionalidade do Detran-PR, em etapa final de testes, ser\u00e1 habilitada a partir de dezembro aos usu\u00e1rios do Detran Inteligente, aplicativo dispon\u00edvel para aparelhos com sistemas Android e IoS. Em um primeiro momento, o recurso ser\u00e1 exclusivo para pouco mais de 2 milh\u00f5es de condutores cujas fotos foram tiradas h\u00e1 mais de 10 anos, mas a estimativa \u00e9 de ele seja ampliado aos demais de motoristas paranaenses habilitados na sequ\u00eancia, facilitando a atualiza\u00e7\u00e3o e renova\u00e7\u00e3o das CNHs.<\/p>\n\n\n\n<figure class=\"wp-block-image size-large is-resized\"><img decoding=\"async\" src=\"https:\/\/radiostudiow.com.br\/site\/wp-content\/uploads\/2024\/11\/LABIRAT5I-1024x1024.png\" alt=\"\" class=\"wp-image-30183\" style=\"width:628px;height:auto\"\/><\/figure>\n\n\n\n<p>Segundo Ratinho Junior, a iniciativa faz parte de um esfor\u00e7o coordenado do Governo do Estado, sob a gest\u00e3o da Secretaria do Planejamento, com foco na ado\u00e7\u00e3o de solu\u00e7\u00f5es tecnol\u00f3gicas para melhoria dos servi\u00e7os p\u00fablicos. <em><strong>\u201cEstamos buscando v\u00e1rias ferramentas para facilitar a vida dos cidad\u00e3os que precisam de algum servi\u00e7o. No caso do Detran-PR, os motoristas n\u00e3o precisar\u00e3o ir at\u00e9 um posto de atendimento para atualizar sua fotografia, mas ao inv\u00e9s disso poder\u00e3o atualiz\u00e1-la em poucos segundos pelo pr\u00f3prio celular\u201d, afirmou.<\/strong><\/em><\/p>\n\n\n\n<p>Para o presidente em exerc\u00edcio do Detran-PR, Ismael de Oliveira, a autobiometria \u00e9 mais uma a\u00e7\u00e3o do Governo do Estado focada na redu\u00e7\u00e3o da burocracia dos \u00f3rg\u00e3os estaduais e dos prazos de atendimento \u00e0 popula\u00e7\u00e3o. <strong><em>\u201cAo inv\u00e9s do cidad\u00e3o precisar se deslocar, instruir um processo, aguardar uma data dispon\u00edvel e enfrentar fila, ele vai fazer isso a qualquer hora e de qualquer local, bastando um celular com conex\u00e3o \u00e0 internet\u201d, disse.<\/em><\/strong><\/p>\n\n\n\n<p>Al\u00e9m de tornar mais f\u00e1cil e \u00e1gil o processo de atualiza\u00e7\u00e3o da CNH, a autobiometria tamb\u00e9m permitir\u00e1 a atualiza\u00e7\u00e3o cadastral dos paranaenses em toda a base de dados do Governo do Estado, conforme explicou Oliveira. <strong><em>\u201cIsso ser\u00e1 \u00fatil, por exemplo, para o Instituto de Identifica\u00e7\u00e3o, a Pol\u00edcia Cient\u00edfica, e pode ser utilizado de maneira estrat\u00e9gica pelos \u00f3rg\u00e3os de seguran\u00e7a, aumentando a rastreabilidade dos usu\u00e1rios\u201d, disse.<\/em><\/strong><\/p>\n\n\n\n<figure class=\"wp-block-image size-full\"><img decoding=\"async\" src=\"https:\/\/radiostudiow.com.br\/site\/wp-content\/uploads\/2024\/04\/image-47.png\" alt=\"\" class=\"wp-image-21404\"\/><\/figure>\n\n\n\n<p>No futuro, essa funcionalidade tamb\u00e9m poder\u00e1 ser levada a outros servi\u00e7os p\u00fablicos em n\u00edvel municipal ou at\u00e9 mesmo nacional, a depender de poss\u00edveis acordos com as prefeituras e \u00f3rg\u00e3os federais. Entre os casos mais comuns que podem se beneficiar da iniciativa, est\u00e3o, por exemplo, a atualiza\u00e7\u00e3o do cadastro na justi\u00e7a eleitoral e a prova de vida exigida de aposentados e pensionistas do Instituto Nacional do Seguro Social (INSS).<\/p>\n\n\n\n<p>A Celepar foi respons\u00e1vel pela integra\u00e7\u00e3o da funcionalidade do Google ao aplicativo Detran Inteligente. O presidente da empresa, Gustavo Garbosa, explicou que o sistema \u00e9 simples, por\u00e9m altamente seguro. <strong><em>\u201cO motorista vai basicamente tirar uma selfie, mas por tr\u00e1s dessa foto existe uma s\u00e9rie de valida\u00e7\u00f5es de alto grau de complexidade para garantir que a pessoa \u00e9 realmente a titular da CNH. \u00c9 algo que parece pequeno, mas que \u00e9 bom para o usu\u00e1rio, al\u00e9m de evitar poss\u00edveis erros do processo manual que \u00e9 feito por humanos atualmente\u201d, defendeu.<\/em><\/strong><\/p>\n\n\n\n<p><strong>SOLU\u00c7\u00d5ES COM IA&nbsp;<\/strong>\u2013 A autobiometria \u00e9 apenas mais uma de uma s\u00e9rie de solu\u00e7\u00f5es tecnol\u00f3gicas com uso de IA que estar\u00e3o \u00e0 disposi\u00e7\u00e3o dos paranaenses em breve.&nbsp;Com o Google, o Governo do Estado trabalha na elabora\u00e7\u00e3o da plataforma LIA, focada em melhorar a capacidade de leitura de crian\u00e7as do segundo ano do ensino fundamental, em est\u00e1gio piloto sendo testado em escolas, e o desenvolvimento de um sistema de atendimento digital automatizado para responder perguntas sobre o projeto e as obras de constru\u00e7\u00e3o da Ponte de Guaratuba.<\/p>\n\n\n\n<figure class=\"wp-block-image size-full\"><img loading=\"lazy\" decoding=\"async\" width=\"900\" height=\"408\" src=\"https:\/\/radiostudiow.com.br\/site\/wp-content\/uploads\/2024\/09\/image-64-1.png\" alt=\"\" class=\"wp-image-28207\" srcset=\"https:\/\/radiostudiow.com.br\/site\/wp-content\/uploads\/2024\/09\/image-64-1.png 900w, https:\/\/radiostudiow.com.br\/site\/wp-content\/uploads\/2024\/09\/image-64-1-300x136.png 300w, https:\/\/radiostudiow.com.br\/site\/wp-content\/uploads\/2024\/09\/image-64-1-768x348.png 768w\" sizes=\"auto, (max-width: 900px) 100vw, 900px\" \/><\/figure>\n\n\n\n<p>Al\u00e9m disso, nos pr\u00f3ximos meses o trabalho deve envolver sistemas ambientais e controle de estoque dos sistemas de sa\u00fade. De acordo com o secret\u00e1rio estadual do Planejamento, Guto Silva, a amplia\u00e7\u00e3o dessa parceria com a gigante da tecnologia, chegando a 30 novas solu\u00e7\u00f5es com o uso de IA apenas em 2025, faz parte do processo de pensar o futuro do Paran\u00e1.<strong><em> \u201cVamos ter um salto quantitativo e qualitativo muito r\u00e1pido nos pr\u00f3ximos anos em fun\u00e7\u00e3o da IA, o que afeta diretamente o h\u00e1bito das pessoas e o servi\u00e7o p\u00fablico\u201d, comentou.<\/em><\/strong><\/p>\n\n\n\n<p><strong><em>\u201cFizemos todo o mapeamento e o diagn\u00f3stico da situa\u00e7\u00e3o atual, e definimos 50 novas aplica\u00e7\u00f5es que podem ser feitas, das quais pretendemos executas 30 delas no pr\u00f3ximo ano, o que resultar\u00e1 em economia para os cofres p\u00fablicos, bem como servi\u00e7os melhores e mais r\u00e1pidos aos cidad\u00e3os\u201d, acrescentou Silva.<\/em><\/strong><\/p>\n\n\n\n<p>Na vis\u00e3o do diretor de Projetos Estrat\u00e9gicos do Setor P\u00fablico da Google Brasil, Daniel Mamor\u00e9, os investimentos que o Governo do Estado t\u00eam feito em tecnologia e inova\u00e7\u00e3o s\u00e3o determinantes para o desenvolvimento socioecon\u00f4mico do Paran\u00e1. <strong><em>\u201cO uso de novas tecnologia e da IA vai ajudar a diminuir a dist\u00e2ncia entre os pa\u00edses em desenvolvimento e para os pa\u00edses desenvolvidos, por isso ficamos felizes de ver os esfor\u00e7os que o Estado t\u00eam feito nesse sentido\u201d, declarou.<\/em><\/strong><\/p>\n\n\n\n<p>Ao citar a perspectiva de desenvolvimento de novas solu\u00e7\u00f5es com IA, o diretor de Solu\u00e7\u00f5es da Google para Am\u00e9rica Latina, Alberto Oppenheimer, lembrou que a Google tamb\u00e9m \u00e9 parceria do Estado na oferta de cursos da\u00a0<a href=\"https:\/\/www.aen.pr.gov.br\/Noticia\/Em-parceria-com-Google-Estado-amplia-cursos-de-IA-para-alunos-do-Talento-Tech\" target=\"_blank\" rel=\"noreferrer noopener\">Google Cloud Learning<\/a>. <em><strong>\u201cNingu\u00e9m na Am\u00e9rica Latina tem esse volume de projetos envolvendo IA, que poder\u00e3o contar inclusive com o apoio dos mais de 30 mil alunos paranaenses que v\u00e3o passar pela trilha de aprendizado da Google\u201d, afirmou.<\/strong><\/em><\/p>\n\n\n\n<p><strong>PRESEN\u00c7AS<\/strong>\u00a0\u2013 Tamb\u00e9m participaram do an\u00fancio o vice-governador Darci Piana; o secret\u00e1rio estadual da Ci\u00eancia, Tecnologia e Ensino Superior, Aldo Bona; e a gerente regional da Google Brasil, Andrea Rodack.<\/p>\n\n\n\n<p><\/p>\n","protected":false},"excerpt":{"rendered":"<p>Cerca de 6,4 milh\u00f5es de motoristas que possuem Carteira Nacional de Habilita\u00e7\u00e3o (CNH) emitida no Paran\u00e1 poder\u00e3o atualizar a imagem pelo pr\u00f3prio celular. A medida, anunciada nesta segunda-feira (11) pelo governador Carlos Massa Ratinho Junior, faz parte de uma parceria mais ampla do Governo do Estado com a Google e que pretende facilitar o acesso [&hellip;]<\/p>\n","protected":false},"author":2,"featured_media":30184,"comment_status":"open","ping_status":"open","sticky":false,"template":"","format":"standard","meta":{"footnotes":""},"categories":[7],"tags":[172],"class_list":["post-30118","post","type-post","status-publish","format-standard","has-post-thumbnail","hentry","category-geral","tag-featured"],"amp_enabled":true,"_links":{"self":[{"href":"https:\/\/radiostudiow.com.br\/site\/wp-json\/wp\/v2\/posts\/30118","targetHints":{"allow":["GET"]}}],"collection":[{"href":"https:\/\/radiostudiow.com.br\/site\/wp-json\/wp\/v2\/posts"}],"about":[{"href":"https:\/\/radiostudiow.com.br\/site\/wp-json\/wp\/v2\/types\/post"}],"author":[{"embeddable":true,"href":"https:\/\/radiostudiow.com.br\/site\/wp-json\/wp\/v2\/users\/2"}],"replies":[{"embeddable":true,"href":"https:\/\/radiostudiow.com.br\/site\/wp-json\/wp\/v2\/comments?post=30118"}],"version-history":[{"count":2,"href":"https:\/\/radiostudiow.com.br\/site\/wp-json\/wp\/v2\/posts\/30118\/revisions"}],"predecessor-version":[{"id":30185,"href":"https:\/\/radiostudiow.com.br\/site\/wp-json\/wp\/v2\/posts\/30118\/revisions\/30185"}],"wp:featuredmedia":[{"embeddable":true,"href":"https:\/\/radiostudiow.com.br\/site\/wp-json\/wp\/v2\/media\/30184"}],"wp:attachment":[{"href":"https:\/\/radiostudiow.com.br\/site\/wp-json\/wp\/v2\/media?parent=30118"}],"wp:term":[{"taxonomy":"category","embeddable":true,"href":"https:\/\/radiostudiow.com.br\/site\/wp-json\/wp\/v2\/categories?post=30118"},{"taxonomy":"post_tag","embeddable":true,"href":"https:\/\/radiostudiow.com.br\/site\/wp-json\/wp\/v2\/tags?post=30118"}],"curies":[{"name":"wp","href":"https:\/\/api.w.org\/{rel}","templated":true}]}}