{"id":30129,"date":"2024-11-12T11:15:10","date_gmt":"2024-11-12T14:15:10","guid":{"rendered":"https:\/\/radiostudiow.com.br\/site\/?p=30129"},"modified":"2025-01-31T14:58:14","modified_gmt":"2025-01-31T17:58:14","slug":"divulgacao-do-gabarito-oficial-do-enem-sera-antecipada","status":"publish","type":"post","link":"https:\/\/radiostudiow.com.br\/site\/2024\/11\/12\/divulgacao-do-gabarito-oficial-do-enem-sera-antecipada\/","title":{"rendered":"Divulga\u00e7\u00e3o do gabarito oficial do Enem ser\u00e1 antecipada"},"content":{"rendered":"\n<p>O ministro da Educa\u00e7\u00e3o (MEC), Camilo Santana, informou na noite deste domingo, 10, que a divulga\u00e7\u00e3o do gabarito oficial do Exame Nacional do Ensino M\u00e9dio (Enem) ser\u00e1 antecipada. A previs\u00e3o era divulgar o gabarito no dia 20 de novembro, mas o ministro disse que ser\u00e1 divulgado nesta semana.&nbsp;<img decoding=\"async\" src=\"https:\/\/agenciabrasil.ebc.com.br\/ebc.png?id=1619027&amp;o=node\"><img decoding=\"async\" src=\"https:\/\/agenciabrasil.ebc.com.br\/ebc.gif?id=1619027&amp;o=node\"><\/p>\n\n\n\n<figure class=\"wp-block-image size-full\"><img loading=\"lazy\" decoding=\"async\" width=\"598\" height=\"204\" src=\"https:\/\/radiostudiow.com.br\/site\/wp-content\/uploads\/2024\/04\/image-29.png\" alt=\"\" class=\"wp-image-21283\" srcset=\"https:\/\/radiostudiow.com.br\/site\/wp-content\/uploads\/2024\/04\/image-29.png 598w, https:\/\/radiostudiow.com.br\/site\/wp-content\/uploads\/2024\/04\/image-29-300x102.png 300w\" sizes=\"auto, (max-width: 598px) 100vw, 598px\" \/><\/figure>\n\n\n\n<p>Segundo o ministro, o Instituto Nacional de Estudos e Pesquisas Educacionais An\u00edsio Teixeira (Inep), respons\u00e1vel pela aplica\u00e7\u00e3o do exame, informar\u00e1 a nova data.&nbsp;<\/p>\n\n\n\n<p>Conforme o cronograma, a&nbsp;entrega final dos resultados est\u00e1 prevista para o dia 13 de janeiro de 2025.&nbsp;<\/p>\n\n\n\n<p>Neste domingo, 10, os alunos&nbsp;realizaram as provas&nbsp;de ci\u00eancias da natureza (f\u00edsica, qu\u00edmica e biologia) e suas tecnologias e matem\u00e1tica. No domingo passado, 3 de novembro, primeiro dia de provas, os candidatos fizeram as quest\u00f5es de linguagens e ci\u00eancias humanas.<\/p>\n\n\n\n<p><strong>PRESEN\u00c7A E ABSTEN\u00c7\u00c3O<\/strong><\/p>\n\n\n\n<p>No segundo dia de prova, neste domingo, 10, 69,4% dos candidatos compareceram. O percentual \u00e9 inferior&nbsp;aos presentes&nbsp;no primeiro dia de provas (73,4%).<\/p>\n\n\n\n<p>A absten\u00e7\u00e3o no segundo dia foi de 30,6%, superior ao primeiro dia de provas (26,6%) e&nbsp;ligeiramente menor em compara\u00e7\u00e3o ao segundo dia de provas em 2023 (32%).<\/p>\n\n\n\n<p>No total, foram mais de 4,3 milh\u00f5es de inscritos no exame.&nbsp;<\/p>\n\n\n\n<p>Tamb\u00e9m foi registrado aumento no n\u00famero de concluintes do ensino m\u00e9dio oriundos de escolas p\u00fablicas. O n\u00famero saltou de 58% (1,1 milh\u00e3o) no ano passado para 94% (1,6 milh\u00e3o) neste ano.<\/p>\n\n\n\n<p><em><strong>\u201cEsse foi um esfor\u00e7o feito pelo minist\u00e9rio, n\u00e3o tenho d\u00favida pelo impacto do programa p\u00e9-de-meia. Para o aluno que est\u00e1 no terceiro ano, \u00e9 gratuita a inscri\u00e7\u00e3o. O Enem \u00e9 a porta de entrada para o ensino superior e para o acesso a todas as pol\u00edticas p\u00fablicas estaduais e federais\u201d, ressaltou o ministro.<\/strong><\/em><\/p>\n\n\n\n<figure class=\"wp-block-image size-full\"><img loading=\"lazy\" decoding=\"async\" width=\"900\" height=\"408\" src=\"https:\/\/radiostudiow.com.br\/site\/wp-content\/uploads\/2024\/09\/image-64-1.png\" alt=\"\" class=\"wp-image-28207\" srcset=\"https:\/\/radiostudiow.com.br\/site\/wp-content\/uploads\/2024\/09\/image-64-1.png 900w, https:\/\/radiostudiow.com.br\/site\/wp-content\/uploads\/2024\/09\/image-64-1-300x136.png 300w, https:\/\/radiostudiow.com.br\/site\/wp-content\/uploads\/2024\/09\/image-64-1-768x348.png 768w\" sizes=\"auto, (max-width: 900px) 100vw, 900px\" \/><\/figure>\n\n\n\n<p><strong>OCORR\u00caNCIAS<\/strong><\/p>\n\n\n\n<p>Em coletiva de imprensa na qual fez um balan\u00e7o do segundo dia de provas, o ministro Camilo Santana disse que&nbsp;n\u00e3o foram registradas ocorr\u00eancias graves, ou seja, n\u00e3o foi necess\u00e1rio cancelar a aplica\u00e7\u00e3o das provas em nenhum local.<\/p>\n\n\n\n<p>Conforme dados do Inep,&nbsp;1,9 mil participantes foram eliminados neste domingo, 10, por descumprirem as regras do edital, como portar equipamentos eletr\u00f4nicos ou&nbsp;deixar o local do exame com o caderno de provas antes dos 30 minutos finais do tempo de prova.<\/p>\n\n\n\n<p>Quanto \u00e0s ocorr\u00eancias, foram registradas 1.037, como&nbsp;emerg\u00eancias m\u00e9dicas e falta de energia el\u00e9trica est\u00e3o entre as situa\u00e7\u00f5es ocorridas.<\/p>\n\n\n\n<p>No primeiro dia de provas, 4.999 candidatos foram eliminados e foram registradas 689 ocorr\u00eancias.&nbsp;<\/p>\n\n\n\n<p><strong>REAPLICA\u00c7\u00c3O DAS PROVAS&nbsp;<\/strong><\/p>\n\n\n\n<p>Os participantes que perderam as&nbsp;provas, no primeiro e segundo dias,&nbsp;do Exame Nacional do Ensino M\u00e9dio (Enem) de 2024 por problemas log\u00edsticos ou por doen\u00e7as previstas no edital&nbsp;poder\u00e3o solicitar a&nbsp;reaplica\u00e7\u00e3o das provas&nbsp;a partir desta segunda-feira, 11. O prazo para o pedido vai at\u00e9 o dia 15 de novembro.<\/p>\n\n\n\n<p>As provas ser\u00e3o reaplicadas nos dias 10 e 11 de dezembro. Haver\u00e1 apenas uma reaplica\u00e7\u00e3o de provas do Enem 2024.<\/p>\n\n\n\n<figure class=\"wp-block-image size-large\"><img decoding=\"async\" src=\"https:\/\/radiostudiow.com.br\/site\/wp-content\/uploads\/2024\/10\/zm_0002_24AG_anuncio_261x83mm-1024x359.png\" alt=\"\" class=\"wp-image-28224\"\/><\/figure>\n\n\n\n<p><strong>PARA QUE SERVE O ENEM&nbsp;<\/strong><\/p>\n\n\n\n<p>O Enem&nbsp;avalia o desempenho escolar dos estudantes ao t\u00e9rmino da educa\u00e7\u00e3o b\u00e1sica. Ao longo de mais de duas d\u00e9cadas de exist\u00eancia, o Enem se tornou a principal porta de entrada para a educa\u00e7\u00e3o superior no Brasil, por meio do Sistema de Sele\u00e7\u00e3o Unificada (Sisu) e de iniciativas como o Programa Universidade para Todos (Prouni).<\/p>\n\n\n\n<p>Institui\u00e7\u00f5es de ensino p\u00fablicas e privadas utilizam o Enem para selecionar estudantes. Os resultados s\u00e3o usados como crit\u00e9rio \u00fanico ou complementar dos processos seletivos, al\u00e9m de servirem de par\u00e2metro para acesso a aux\u00edlios governamentais, como o proporcionado pelo Fundo de Financiamento Estudantil (Fies).<\/p>\n\n\n\n<p>Os resultados individuais do Enem tamb\u00e9m podem ser aproveitados nos processos seletivos de institui\u00e7\u00f5es portuguesas que possuem conv\u00eanio com o Inep para aceitar as notas do exame. Os acordos garantem acesso facilitado \u00e0s notas dos estudantes brasileiros interessados em cursar a educa\u00e7\u00e3o superior em Portugal. &nbsp;<\/p>\n\n\n\n<p><em>Reportagem: Ag\u00eancia Brasil<\/em><\/p>\n","protected":false},"excerpt":{"rendered":"<p>O ministro da Educa\u00e7\u00e3o (MEC), Camilo Santana, informou na noite deste domingo, 10, que a divulga\u00e7\u00e3o do gabarito oficial do Exame Nacional do Ensino M\u00e9dio (Enem) ser\u00e1 antecipada. A previs\u00e3o era divulgar o gabarito no dia 20 de novembro, mas o ministro disse que ser\u00e1 divulgado nesta semana.&nbsp; Segundo o ministro, o Instituto Nacional de [&hellip;]<\/p>\n","protected":false},"author":2,"featured_media":30130,"comment_status":"open","ping_status":"open","sticky":false,"template":"","format":"standard","meta":{"footnotes":""},"categories":[7],"tags":[172],"class_list":["post-30129","post","type-post","status-publish","format-standard","has-post-thumbnail","hentry","category-geral","tag-featured"],"amp_enabled":true,"_links":{"self":[{"href":"https:\/\/radiostudiow.com.br\/site\/wp-json\/wp\/v2\/posts\/30129","targetHints":{"allow":["GET"]}}],"collection":[{"href":"https:\/\/radiostudiow.com.br\/site\/wp-json\/wp\/v2\/posts"}],"about":[{"href":"https:\/\/radiostudiow.com.br\/site\/wp-json\/wp\/v2\/types\/post"}],"author":[{"embeddable":true,"href":"https:\/\/radiostudiow.com.br\/site\/wp-json\/wp\/v2\/users\/2"}],"replies":[{"embeddable":true,"href":"https:\/\/radiostudiow.com.br\/site\/wp-json\/wp\/v2\/comments?post=30129"}],"version-history":[{"count":2,"href":"https:\/\/radiostudiow.com.br\/site\/wp-json\/wp\/v2\/posts\/30129\/revisions"}],"predecessor-version":[{"id":30175,"href":"https:\/\/radiostudiow.com.br\/site\/wp-json\/wp\/v2\/posts\/30129\/revisions\/30175"}],"wp:featuredmedia":[{"embeddable":true,"href":"https:\/\/radiostudiow.com.br\/site\/wp-json\/wp\/v2\/media\/30130"}],"wp:attachment":[{"href":"https:\/\/radiostudiow.com.br\/site\/wp-json\/wp\/v2\/media?parent=30129"}],"wp:term":[{"taxonomy":"category","embeddable":true,"href":"https:\/\/radiostudiow.com.br\/site\/wp-json\/wp\/v2\/categories?post=30129"},{"taxonomy":"post_tag","embeddable":true,"href":"https:\/\/radiostudiow.com.br\/site\/wp-json\/wp\/v2\/tags?post=30129"}],"curies":[{"name":"wp","href":"https:\/\/api.w.org\/{rel}","templated":true}]}}