{"id":30173,"date":"2024-11-12T11:27:17","date_gmt":"2024-11-12T14:27:17","guid":{"rendered":"https:\/\/radiostudiow.com.br\/site\/?p=30173"},"modified":"2025-01-31T14:58:14","modified_gmt":"2025-01-31T17:58:14","slug":"homem-e-preso-apos-furtar-carro-e-causar-acidente-em-reboucas","status":"publish","type":"post","link":"https:\/\/radiostudiow.com.br\/site\/2024\/11\/12\/homem-e-preso-apos-furtar-carro-e-causar-acidente-em-reboucas\/","title":{"rendered":"Homem \u00e9 preso ap\u00f3s furtar carro e causar acidente em Rebou\u00e7as"},"content":{"rendered":"\n<p>Um homem de 23 anos foi preso ap\u00f3s furtar um ve\u00edculo Voyage na madrugada desse s\u00e1bado, 09 de novembro, na Vila Cruzeiro em Rebou\u00e7as.<\/p>\n\n\n\n<p>Segundo informa\u00e7\u00f5es da Pol\u00edcia Militar, o carro estava na casa da m\u00e3e da ex-mulher do autor e antes de furtar o ve\u00edculo, o autor agrediu a ex-mulher e jogou objetos na dire\u00e7\u00e3o de um ve\u00edculo que estava na garagem da casa, posteriormente, ele pegou o Voyage.<\/p>\n\n\n\n<figure class=\"wp-block-image size-large\"><img decoding=\"async\" src=\"https:\/\/radiostudiow.com.br\/site\/wp-content\/uploads\/2024\/11\/image-24-1024x390.png\" alt=\"\" class=\"wp-image-29793\"\/><figcaption class=\"wp-element-caption\">AFUBRA IRATI: \ud83d\udccd Rua Coronel Emilio Gomes, 399, Centro &#8211; Irati &#8211; PR \ud83d\udcde(42) 3421-1700<br>AFUBRA IMBITUVA: \ud83d\udccd RUA Jacobe Brener, 830 &#8211; Centro, Imbituva &#8211; PR \ud83d\udcde(42) 3436-84003<\/figcaption><\/figure>\n\n\n\n<p>A equipe policial foi acionada para verificar um poss\u00edvel acidente com capotamento de ve\u00edculo na PR-990, rodovia estadual que liga a \u00e1rea urbana \u00e0 localidade do Marmeleiro.<\/p>\n\n\n\n<p>Os policiais localizaram o ve\u00edculo furtado e o suspeito do furto ao lado do carro, que estava com os pneus furados e vidros quebrados. O ve\u00edculo e o homem foram levados para a Delegacia.<\/p>\n","protected":false},"excerpt":{"rendered":"<p>Um homem de 23 anos foi preso ap\u00f3s furtar um ve\u00edculo Voyage na madrugada desse s\u00e1bado, 09 de novembro, na Vila Cruzeiro em Rebou\u00e7as. Segundo informa\u00e7\u00f5es da Pol\u00edcia Militar, o carro estava na casa da m\u00e3e da ex-mulher do autor e antes de furtar o ve\u00edculo, o autor agrediu a ex-mulher e jogou objetos na [&hellip;]<\/p>\n","protected":false},"author":2,"featured_media":30177,"comment_status":"open","ping_status":"open","sticky":false,"template":"","format":"standard","meta":{"footnotes":""},"categories":[2],"tags":[172],"class_list":["post-30173","post","type-post","status-publish","format-standard","has-post-thumbnail","hentry","category-policial","tag-featured"],"amp_enabled":true,"_links":{"self":[{"href":"https:\/\/radiostudiow.com.br\/site\/wp-json\/wp\/v2\/posts\/30173","targetHints":{"allow":["GET"]}}],"collection":[{"href":"https:\/\/radiostudiow.com.br\/site\/wp-json\/wp\/v2\/posts"}],"about":[{"href":"https:\/\/radiostudiow.com.br\/site\/wp-json\/wp\/v2\/types\/post"}],"author":[{"embeddable":true,"href":"https:\/\/radiostudiow.com.br\/site\/wp-json\/wp\/v2\/users\/2"}],"replies":[{"embeddable":true,"href":"https:\/\/radiostudiow.com.br\/site\/wp-json\/wp\/v2\/comments?post=30173"}],"version-history":[{"count":1,"href":"https:\/\/radiostudiow.com.br\/site\/wp-json\/wp\/v2\/posts\/30173\/revisions"}],"predecessor-version":[{"id":30178,"href":"https:\/\/radiostudiow.com.br\/site\/wp-json\/wp\/v2\/posts\/30173\/revisions\/30178"}],"wp:featuredmedia":[{"embeddable":true,"href":"https:\/\/radiostudiow.com.br\/site\/wp-json\/wp\/v2\/media\/30177"}],"wp:attachment":[{"href":"https:\/\/radiostudiow.com.br\/site\/wp-json\/wp\/v2\/media?parent=30173"}],"wp:term":[{"taxonomy":"category","embeddable":true,"href":"https:\/\/radiostudiow.com.br\/site\/wp-json\/wp\/v2\/categories?post=30173"},{"taxonomy":"post_tag","embeddable":true,"href":"https:\/\/radiostudiow.com.br\/site\/wp-json\/wp\/v2\/tags?post=30173"}],"curies":[{"name":"wp","href":"https:\/\/api.w.org\/{rel}","templated":true}]}}