{"id":30179,"date":"2024-11-12T11:32:43","date_gmt":"2024-11-12T14:32:43","guid":{"rendered":"https:\/\/radiostudiow.com.br\/site\/?p=30179"},"modified":"2025-01-31T14:58:14","modified_gmt":"2025-01-31T17:58:14","slug":"homem-e-preso-em-flagrante-por-violencia-domestica-em-bituruna-2","status":"publish","type":"post","link":"https:\/\/radiostudiow.com.br\/site\/2024\/11\/12\/homem-e-preso-em-flagrante-por-violencia-domestica-em-bituruna-2\/","title":{"rendered":"Homem \u00e9 preso em flagrante por viol\u00eancia dom\u00e9stica em Bituruna"},"content":{"rendered":"\n<p>A equipe da Pol\u00edcia Militar de Bituruna recebeu uma den\u00fancia an\u00f4nima de que em uma \u00e1rea rural haveria uma mulher sendo agredida pelo seu convivente em sua resid\u00eancia. A situa\u00e7\u00e3o foi registrada por volta das 14:46 horas desse domingo (10).<\/p>\n\n\n\n<figure class=\"wp-block-image size-full\"><img loading=\"lazy\" decoding=\"async\" width=\"897\" height=\"204\" src=\"https:\/\/radiostudiow.com.br\/site\/wp-content\/uploads\/2024\/08\/TIJOLAO.png\" alt=\"\" class=\"wp-image-25951\" srcset=\"https:\/\/radiostudiow.com.br\/site\/wp-content\/uploads\/2024\/08\/TIJOLAO.png 897w, https:\/\/radiostudiow.com.br\/site\/wp-content\/uploads\/2024\/08\/TIJOLAO-300x68.png 300w, https:\/\/radiostudiow.com.br\/site\/wp-content\/uploads\/2024\/08\/TIJOLAO-768x175.png 768w\" sizes=\"auto, (max-width: 897px) 100vw, 897px\" \/><\/figure>\n\n\n\n<p>No local, os policiais constataram que a v\u00edtima se encontrava aos prantos e passando mal, relatou ainda que tais agress\u00f5es s\u00e3o constantes, inclusive j\u00e1 havia se separado anteriormente do autor por conta das agress\u00f5es. E segundo ela v\u00eam sofrendo amea\u00e7as de morte pelo seu convivente.<\/p>\n\n\n\n<figure class=\"wp-block-image size-full\"><img loading=\"lazy\" decoding=\"async\" width=\"300\" height=\"180\" src=\"https:\/\/radiostudiow.com.br\/site\/wp-content\/uploads\/2024\/04\/SITE-PEQUENO-1.png\" alt=\"\" class=\"wp-image-21868\"\/><\/figure>\n\n\n\n<p>Diante da situa\u00e7\u00e3o foi dado voz de pris\u00e3o ao autor e utilizado de t\u00e9cnicas de imobiliza\u00e7\u00e3o para conter o indiv\u00edduo. Os envolvidos foram conduzidos para atendimento m\u00e9dico, ambos apresentavam les\u00f5es em decorr\u00eancia das agress\u00f5es ocorridas nos \u00faltimos dias.<\/p>\n\n\n\n<p>Posteriormente, foram encaminhados at\u00e9 a 4\u00aa Subdivis\u00e3o policial de Uni\u00e3o da Vit\u00f3ria, para os procedimentos cab\u00edveis.<\/p>\n","protected":false},"excerpt":{"rendered":"<p>A equipe da Pol\u00edcia Militar de Bituruna recebeu uma den\u00fancia an\u00f4nima de que em uma \u00e1rea rural haveria uma mulher sendo agredida pelo seu convivente em sua resid\u00eancia. A situa\u00e7\u00e3o foi registrada por volta das 14:46 horas desse domingo (10). No local, os policiais constataram que a v\u00edtima se encontrava aos prantos e passando mal, [&hellip;]<\/p>\n","protected":false},"author":2,"featured_media":22528,"comment_status":"open","ping_status":"open","sticky":false,"template":"","format":"standard","meta":{"footnotes":""},"categories":[2],"tags":[172],"class_list":["post-30179","post","type-post","status-publish","format-standard","has-post-thumbnail","hentry","category-policial","tag-featured"],"amp_enabled":true,"_links":{"self":[{"href":"https:\/\/radiostudiow.com.br\/site\/wp-json\/wp\/v2\/posts\/30179","targetHints":{"allow":["GET"]}}],"collection":[{"href":"https:\/\/radiostudiow.com.br\/site\/wp-json\/wp\/v2\/posts"}],"about":[{"href":"https:\/\/radiostudiow.com.br\/site\/wp-json\/wp\/v2\/types\/post"}],"author":[{"embeddable":true,"href":"https:\/\/radiostudiow.com.br\/site\/wp-json\/wp\/v2\/users\/2"}],"replies":[{"embeddable":true,"href":"https:\/\/radiostudiow.com.br\/site\/wp-json\/wp\/v2\/comments?post=30179"}],"version-history":[{"count":1,"href":"https:\/\/radiostudiow.com.br\/site\/wp-json\/wp\/v2\/posts\/30179\/revisions"}],"predecessor-version":[{"id":30181,"href":"https:\/\/radiostudiow.com.br\/site\/wp-json\/wp\/v2\/posts\/30179\/revisions\/30181"}],"wp:featuredmedia":[{"embeddable":true,"href":"https:\/\/radiostudiow.com.br\/site\/wp-json\/wp\/v2\/media\/22528"}],"wp:attachment":[{"href":"https:\/\/radiostudiow.com.br\/site\/wp-json\/wp\/v2\/media?parent=30179"}],"wp:term":[{"taxonomy":"category","embeddable":true,"href":"https:\/\/radiostudiow.com.br\/site\/wp-json\/wp\/v2\/categories?post=30179"},{"taxonomy":"post_tag","embeddable":true,"href":"https:\/\/radiostudiow.com.br\/site\/wp-json\/wp\/v2\/tags?post=30179"}],"curies":[{"name":"wp","href":"https:\/\/api.w.org\/{rel}","templated":true}]}}