{"id":30207,"date":"2024-11-13T09:20:30","date_gmt":"2024-11-13T12:20:30","guid":{"rendered":"https:\/\/radiostudiow.com.br\/site\/?p=30207"},"modified":"2025-01-31T14:58:14","modified_gmt":"2025-01-31T17:58:14","slug":"condutor-de-moto-teve-multiplas-fraturas-apos-acidente-em-uniao-da-vitoria","status":"publish","type":"post","link":"https:\/\/radiostudiow.com.br\/site\/2024\/11\/13\/condutor-de-moto-teve-multiplas-fraturas-apos-acidente-em-uniao-da-vitoria\/","title":{"rendered":"Condutor de moto teve m\u00faltiplas fraturas ap\u00f3s acidente em Uni\u00e3o da Vit\u00f3ria"},"content":{"rendered":"\n<p>Um grave acidente nesta segunda-feira, 11 de novembro, envolveu duas motos e um carro no cruzamento das Avenidas Coronel Amazonas e Wilkys Amazonas Correia, no bairro Nossa Senhora da Salete em Uni\u00e3o da Vit\u00f3ria.<\/p>\n\n\n\n<p>O cruzamento \u00e9 perigoso, moradores pr\u00f3ximos ao local, relatam que as colis\u00f5es tem se tornado frequentes.&nbsp;O acidente foi registrado por uma c\u00e2mera de seguran\u00e7a \u00e0s 18h06, mostrando o momento exato da colis\u00e3o.<\/p>\n\n\n\n<figure class=\"wp-block-image size-full\"><img loading=\"lazy\" decoding=\"async\" width=\"897\" height=\"204\" src=\"https:\/\/radiostudiow.com.br\/site\/wp-content\/uploads\/2024\/08\/TIJOLAO.png\" alt=\"\" class=\"wp-image-25951\" srcset=\"https:\/\/radiostudiow.com.br\/site\/wp-content\/uploads\/2024\/08\/TIJOLAO.png 897w, https:\/\/radiostudiow.com.br\/site\/wp-content\/uploads\/2024\/08\/TIJOLAO-300x68.png 300w, https:\/\/radiostudiow.com.br\/site\/wp-content\/uploads\/2024\/08\/TIJOLAO-768x175.png 768w\" sizes=\"auto, (max-width: 897px) 100vw, 897px\" \/><\/figure>\n\n\n\n<p>Segundo informa\u00e7\u00f5es recebidas pela reportagem, o jovem motociclista de 21 anos sofreu m\u00faltiplas fraturas, inclusive ferimentos mais severos no rosto, bra\u00e7os e pernas, al\u00e9m de uma costela quebrada. Ele permanece hospitalizado sem previs\u00e3o de alta.<\/p>\n\n\n\n<p>O condutor da outra moto, um homem de 46 anos teve ferimentos moderados e tamb\u00e9m foi encaminahdo ao hospital pelo Corpo de Bombeiros.<\/p>\n","protected":false},"excerpt":{"rendered":"<p>Um grave acidente nesta segunda-feira, 11 de novembro, envolveu duas motos e um carro no cruzamento das Avenidas Coronel Amazonas e Wilkys Amazonas Correia, no bairro Nossa Senhora da Salete em Uni\u00e3o da Vit\u00f3ria. O cruzamento \u00e9 perigoso, moradores pr\u00f3ximos ao local, relatam que as colis\u00f5es tem se tornado frequentes.&nbsp;O acidente foi registrado por uma [&hellip;]<\/p>\n","protected":false},"author":2,"featured_media":30208,"comment_status":"open","ping_status":"open","sticky":false,"template":"","format":"standard","meta":{"footnotes":""},"categories":[185],"tags":[172],"class_list":["post-30207","post","type-post","status-publish","format-standard","has-post-thumbnail","hentry","category-regional","tag-featured"],"amp_enabled":true,"_links":{"self":[{"href":"https:\/\/radiostudiow.com.br\/site\/wp-json\/wp\/v2\/posts\/30207","targetHints":{"allow":["GET"]}}],"collection":[{"href":"https:\/\/radiostudiow.com.br\/site\/wp-json\/wp\/v2\/posts"}],"about":[{"href":"https:\/\/radiostudiow.com.br\/site\/wp-json\/wp\/v2\/types\/post"}],"author":[{"embeddable":true,"href":"https:\/\/radiostudiow.com.br\/site\/wp-json\/wp\/v2\/users\/2"}],"replies":[{"embeddable":true,"href":"https:\/\/radiostudiow.com.br\/site\/wp-json\/wp\/v2\/comments?post=30207"}],"version-history":[{"count":1,"href":"https:\/\/radiostudiow.com.br\/site\/wp-json\/wp\/v2\/posts\/30207\/revisions"}],"predecessor-version":[{"id":30209,"href":"https:\/\/radiostudiow.com.br\/site\/wp-json\/wp\/v2\/posts\/30207\/revisions\/30209"}],"wp:featuredmedia":[{"embeddable":true,"href":"https:\/\/radiostudiow.com.br\/site\/wp-json\/wp\/v2\/media\/30208"}],"wp:attachment":[{"href":"https:\/\/radiostudiow.com.br\/site\/wp-json\/wp\/v2\/media?parent=30207"}],"wp:term":[{"taxonomy":"category","embeddable":true,"href":"https:\/\/radiostudiow.com.br\/site\/wp-json\/wp\/v2\/categories?post=30207"},{"taxonomy":"post_tag","embeddable":true,"href":"https:\/\/radiostudiow.com.br\/site\/wp-json\/wp\/v2\/tags?post=30207"}],"curies":[{"name":"wp","href":"https:\/\/api.w.org\/{rel}","templated":true}]}}