{"id":30210,"date":"2024-11-13T10:48:53","date_gmt":"2024-11-13T13:48:53","guid":{"rendered":"https:\/\/radiostudiow.com.br\/site\/?p=30210"},"modified":"2025-01-31T14:58:14","modified_gmt":"2025-01-31T17:58:14","slug":"motorista-e-dono-de-caminhao-que-tombou-sobre-van-sao-indiciados-por-homicidio","status":"publish","type":"post","link":"https:\/\/radiostudiow.com.br\/site\/2024\/11\/13\/motorista-e-dono-de-caminhao-que-tombou-sobre-van-sao-indiciados-por-homicidio\/","title":{"rendered":"Motorista e dono de caminh\u00e3o que tombou sobre Van s\u00e3o indiciados por homic\u00eddio"},"content":{"rendered":"\n<p>O&nbsp;motorista e o propriet\u00e1rio&nbsp;do&nbsp;caminh\u00e3o que tombou sobre uma&nbsp;van&nbsp;e matou&nbsp;nove pessoas, no \u00faltimo dia 20, em um trecho da BR-376, em&nbsp;Guaratuba, no litoral do Paran\u00e1, foram indiciados por&nbsp;homic\u00eddio culposo.&nbsp;O acidente matou atletas e o treinador de uma equipe de remo, al\u00e9m do motorista da van.<\/p>\n\n\n\n<div class=\"wp-block-media-text is-stacked-on-mobile\"><figure class=\"wp-block-media-text__media\"><img decoding=\"async\" src=\"https:\/\/radiostudiow.com.br\/site\/wp-content\/uploads\/2024\/11\/image-63-1024x1024.png\" alt=\"\" class=\"wp-image-30211 size-full\"\/><\/figure><div class=\"wp-block-media-text__content\">\n<p><br>AFUBRA IRATI: \ud83d\udcde(42) 3421-1700<br>\ud83d\udccd Rua Coronel Emilio Gomes, 399, Centro &#8211; Irati &#8211; PR<\/p>\n\n\n\n<p id=\"block-e06214d4-3150-4076-8a2c-00dab814f42b\">AFUBRA IMBITUVA: \ud83d\udcde(42) 3436-84003<br>\ud83d\udccd RUA Jacobe Brener, 830 &#8211; Centro, Imbituva &#8211; PR<\/p>\n\n\n\n<p><a href=\"https:\/\/www.lojasafubra.com.br\">https:\/\/www.lojasafubra.com.br<\/a><\/p>\n<\/div><\/div>\n\n\n\n<p>Segundo a Pol\u00edcia Civil, o motorista do caminh\u00e3o, Nicollas Otilio de Lima Pinto, foi indiciado por homic\u00eddio culposo na dire\u00e7\u00e3o de ve\u00edculo automotor e les\u00e3o corporal culposa com base no CTB (C\u00f3digo de Tr\u00e2nsito Brasileiro), cuja pena para estes crimes \u00e9 de deten\u00e7\u00e3o de 2 a 4 anos, al\u00e9m da suspens\u00e3o ou proibi\u00e7\u00e3o de obter a habilita\u00e7\u00e3o para dirigir.<\/p>\n\n\n\n<p>J\u00e1 o propriet\u00e1rio do ve\u00edculo foi indiciado por\u00a0homic\u00eddio culposo\u00a0e les\u00e3o corporal culposa conforme o artigo 121 do C\u00f3digo Penal, quando\u00a0n\u00e3o h\u00e1 a inten\u00e7\u00e3o de matar. A soma das penas pode chegar a quatro anos de pris\u00e3o.<\/p>\n\n\n\n<p><strong><em>\u201cChegamos \u00e0 conclus\u00e3o de que o motorista do caminh\u00e3o teve uma conduta imperita na condu\u00e7\u00e3o do ve\u00edculo. Ele n\u00e3o tinha a necess\u00e1ria habilidade e conhecimento em rela\u00e7\u00e3o \u00e0 condu\u00e7\u00e3o do ve\u00edculo. Ele tamb\u00e9m foi indiciado por les\u00e3o corporal culposa em rela\u00e7\u00e3o ao adolescente que sobreviveu\u201d, disse o delegado Edgar Santana, da Dedetran (Delegacia de Delitos de Tr\u00e2nsito).<\/em><\/strong><\/p>\n\n\n\n<figure class=\"wp-block-image size-full\"><img loading=\"lazy\" decoding=\"async\" width=\"900\" height=\"408\" src=\"https:\/\/radiostudiow.com.br\/site\/wp-content\/uploads\/2024\/09\/image-64-1.png\" alt=\"\" class=\"wp-image-28207\" srcset=\"https:\/\/radiostudiow.com.br\/site\/wp-content\/uploads\/2024\/09\/image-64-1.png 900w, https:\/\/radiostudiow.com.br\/site\/wp-content\/uploads\/2024\/09\/image-64-1-300x136.png 300w, https:\/\/radiostudiow.com.br\/site\/wp-content\/uploads\/2024\/09\/image-64-1-768x348.png 768w\" sizes=\"auto, (max-width: 900px) 100vw, 900px\" \/><\/figure>\n\n\n\n<p><strong><em>\u201cO laudo pericial revelou que os freios do ve\u00edculo, mais precisamente os freios do semirreboque, estavam em condi\u00e7\u00f5es prec\u00e1rias de funcionamento. O propriet\u00e1rio do ve\u00edculo deixou de adotar as devidas cautelas na manuten\u00e7\u00e3o do ve\u00edculos, e essa conduta negligente contribuiu de forma significativa para a ocorr\u00eancia do sinistro de tr\u00e2nsito\u201d, acrescentou.<\/em><\/strong><\/p>\n\n\n\n<figure class=\"wp-block-embed is-type-wp-embed is-provider-studio-w wp-block-embed-studio-w\"><div class=\"wp-block-embed__wrapper\">\n<blockquote class=\"wp-embedded-content\" data-secret=\"25Q20wzIef\"><a href=\"https:\/\/radiostudiow.com.br\/site\/2024\/10\/22\/velorio-coletivo-clube-de-remo-em-pelotas-recebe-vitimas-de-acidente-no-pr\/\">Vel\u00f3rio coletivo: clube de remo em Pelotas recebe v\u00edtimas de acidente no PR<\/a><\/blockquote><iframe loading=\"lazy\" class=\"wp-embedded-content\" sandbox=\"allow-scripts\" security=\"restricted\" style=\"position: absolute; visibility: hidden;\" title=\"&#8220;Vel\u00f3rio coletivo: clube de remo em Pelotas recebe v\u00edtimas de acidente no PR&#8221; &#8212; Studio W\" src=\"https:\/\/radiostudiow.com.br\/site\/2024\/10\/22\/velorio-coletivo-clube-de-remo-em-pelotas-recebe-vitimas-de-acidente-no-pr\/embed\/#?secret=J4IQiCsfyg#?secret=25Q20wzIef\" data-secret=\"25Q20wzIef\" width=\"600\" height=\"338\" frameborder=\"0\" marginwidth=\"0\" marginheight=\"0\" scrolling=\"no\"><\/iframe>\n<\/div><\/figure>\n\n\n\n<p>Fonte:\u00a0Portal Banda B<\/p>\n","protected":false},"excerpt":{"rendered":"<p>O&nbsp;motorista e o propriet\u00e1rio&nbsp;do&nbsp;caminh\u00e3o que tombou sobre uma&nbsp;van&nbsp;e matou&nbsp;nove pessoas, no \u00faltimo dia 20, em um trecho da BR-376, em&nbsp;Guaratuba, no litoral do Paran\u00e1, foram indiciados por&nbsp;homic\u00eddio culposo.&nbsp;O acidente matou atletas e o treinador de uma equipe de remo, al\u00e9m do motorista da van. AFUBRA IRATI: \ud83d\udcde(42) 3421-1700\ud83d\udccd Rua Coronel Emilio Gomes, 399, Centro &#8211; [&hellip;]<\/p>\n","protected":false},"author":2,"featured_media":30212,"comment_status":"open","ping_status":"open","sticky":false,"template":"","format":"standard","meta":{"footnotes":""},"categories":[2],"tags":[172],"class_list":["post-30210","post","type-post","status-publish","format-standard","has-post-thumbnail","hentry","category-policial","tag-featured"],"amp_enabled":true,"_links":{"self":[{"href":"https:\/\/radiostudiow.com.br\/site\/wp-json\/wp\/v2\/posts\/30210","targetHints":{"allow":["GET"]}}],"collection":[{"href":"https:\/\/radiostudiow.com.br\/site\/wp-json\/wp\/v2\/posts"}],"about":[{"href":"https:\/\/radiostudiow.com.br\/site\/wp-json\/wp\/v2\/types\/post"}],"author":[{"embeddable":true,"href":"https:\/\/radiostudiow.com.br\/site\/wp-json\/wp\/v2\/users\/2"}],"replies":[{"embeddable":true,"href":"https:\/\/radiostudiow.com.br\/site\/wp-json\/wp\/v2\/comments?post=30210"}],"version-history":[{"count":1,"href":"https:\/\/radiostudiow.com.br\/site\/wp-json\/wp\/v2\/posts\/30210\/revisions"}],"predecessor-version":[{"id":30213,"href":"https:\/\/radiostudiow.com.br\/site\/wp-json\/wp\/v2\/posts\/30210\/revisions\/30213"}],"wp:featuredmedia":[{"embeddable":true,"href":"https:\/\/radiostudiow.com.br\/site\/wp-json\/wp\/v2\/media\/30212"}],"wp:attachment":[{"href":"https:\/\/radiostudiow.com.br\/site\/wp-json\/wp\/v2\/media?parent=30210"}],"wp:term":[{"taxonomy":"category","embeddable":true,"href":"https:\/\/radiostudiow.com.br\/site\/wp-json\/wp\/v2\/categories?post=30210"},{"taxonomy":"post_tag","embeddable":true,"href":"https:\/\/radiostudiow.com.br\/site\/wp-json\/wp\/v2\/tags?post=30210"}],"curies":[{"name":"wp","href":"https:\/\/api.w.org\/{rel}","templated":true}]}}