{"id":30218,"date":"2024-11-13T11:05:24","date_gmt":"2024-11-13T14:05:24","guid":{"rendered":"https:\/\/radiostudiow.com.br\/site\/?p=30218"},"modified":"2025-01-31T14:58:14","modified_gmt":"2025-01-31T17:58:14","slug":"policia-civil-apreende-mais-de-meio-quilo-de-maconha-em-sao-mateus-do-sul","status":"publish","type":"post","link":"https:\/\/radiostudiow.com.br\/site\/2024\/11\/13\/policia-civil-apreende-mais-de-meio-quilo-de-maconha-em-sao-mateus-do-sul\/","title":{"rendered":"Pol\u00edcia Civil apreende mais de meio quilo de maconha em S\u00e3o Mateus do Sul"},"content":{"rendered":"\n<p>A Pol\u00edcia Civil de S\u00e3o Mateus do Sul, apreendeu&nbsp;539 gramas de maconha armazenadas em uma resid\u00eancia no bairro Tamareiras, em S\u00e3o Mateus do Sul.<\/p>\n\n\n\n<p>A droga foi apreendida durante o cumprimento de um mandado de busca e apreens\u00e3o na manh\u00e3 dessa segunda-feira, 11 de novembro, e&nbsp;estava na posse de um casal, uma mulher de 24 anos e um adolescente de 17 anos, os quais residiam no im\u00f3vel no momento da abordagem policial.<\/p>\n\n\n\n<figure class=\"wp-block-image size-large\"><img decoding=\"async\" src=\"https:\/\/radiostudiow.com.br\/site\/wp-content\/uploads\/2024\/10\/zm_0002_24AG_anuncio_261x83mm-1024x359.png\" alt=\"\" class=\"wp-image-28224\"\/><\/figure>\n\n\n\n<p>A&nbsp;mulher foi presa em flagrante pelo crime de tr\u00e1fico de drogas&nbsp;e o&nbsp;adolescente apreendido em auto de apreens\u00e3o em flagrante&nbsp;pelo ato infracional an\u00e1logo ao crime de tr\u00e1fico de drogas.<\/p>\n\n\n\n<p>O entorpecente encontrado estava dividido em duas por\u00e7\u00f5es e, junto, tamb\u00e9m foram apreendidos petrechos para a pesagem e embalagem da droga, o que caracteriza o crime de tr\u00e1fico de drogas.<\/p>\n","protected":false},"excerpt":{"rendered":"<p>A Pol\u00edcia Civil de S\u00e3o Mateus do Sul, apreendeu&nbsp;539 gramas de maconha armazenadas em uma resid\u00eancia no bairro Tamareiras, em S\u00e3o Mateus do Sul. A droga foi apreendida durante o cumprimento de um mandado de busca e apreens\u00e3o na manh\u00e3 dessa segunda-feira, 11 de novembro, e&nbsp;estava na posse de um casal, uma mulher de 24 [&hellip;]<\/p>\n","protected":false},"author":2,"featured_media":0,"comment_status":"open","ping_status":"open","sticky":false,"template":"","format":"standard","meta":{"footnotes":""},"categories":[2],"tags":[172],"class_list":["post-30218","post","type-post","status-publish","format-standard","hentry","category-policial","tag-featured"],"amp_enabled":true,"_links":{"self":[{"href":"https:\/\/radiostudiow.com.br\/site\/wp-json\/wp\/v2\/posts\/30218","targetHints":{"allow":["GET"]}}],"collection":[{"href":"https:\/\/radiostudiow.com.br\/site\/wp-json\/wp\/v2\/posts"}],"about":[{"href":"https:\/\/radiostudiow.com.br\/site\/wp-json\/wp\/v2\/types\/post"}],"author":[{"embeddable":true,"href":"https:\/\/radiostudiow.com.br\/site\/wp-json\/wp\/v2\/users\/2"}],"replies":[{"embeddable":true,"href":"https:\/\/radiostudiow.com.br\/site\/wp-json\/wp\/v2\/comments?post=30218"}],"version-history":[{"count":1,"href":"https:\/\/radiostudiow.com.br\/site\/wp-json\/wp\/v2\/posts\/30218\/revisions"}],"predecessor-version":[{"id":30221,"href":"https:\/\/radiostudiow.com.br\/site\/wp-json\/wp\/v2\/posts\/30218\/revisions\/30221"}],"wp:attachment":[{"href":"https:\/\/radiostudiow.com.br\/site\/wp-json\/wp\/v2\/media?parent=30218"}],"wp:term":[{"taxonomy":"category","embeddable":true,"href":"https:\/\/radiostudiow.com.br\/site\/wp-json\/wp\/v2\/categories?post=30218"},{"taxonomy":"post_tag","embeddable":true,"href":"https:\/\/radiostudiow.com.br\/site\/wp-json\/wp\/v2\/tags?post=30218"}],"curies":[{"name":"wp","href":"https:\/\/api.w.org\/{rel}","templated":true}]}}