{"id":30222,"date":"2024-11-13T11:08:55","date_gmt":"2024-11-13T14:08:55","guid":{"rendered":"https:\/\/radiostudiow.com.br\/site\/?p=30222"},"modified":"2025-01-31T14:58:14","modified_gmt":"2025-01-31T17:58:14","slug":"homem-ameaca-mulher-no-trabalho-quebra-coisas-da-casa-e-leva-filha-sem-autorizacao-em-sao-joao-do-triunfo","status":"publish","type":"post","link":"https:\/\/radiostudiow.com.br\/site\/2024\/11\/13\/homem-ameaca-mulher-no-trabalho-quebra-coisas-da-casa-e-leva-filha-sem-autorizacao-em-sao-joao-do-triunfo\/","title":{"rendered":"Homem amea\u00e7a mulher no trabalho, quebra coisas da casa e leva filha sem autoriza\u00e7\u00e3o em S\u00e3o Jo\u00e3o do Triunfo"},"content":{"rendered":"\n<p>A equipe da Pol\u00edcia Militar de S\u00e3o Jo\u00e3o do Triunfo foi acionada por uma senhora onde relatou que est\u00e1 em processo de div\u00f3rcio de seu marido e que naquela data o homem foi at\u00e9 o seu local de trabalho lhe amea\u00e7ar 08:30 horas dessa segunda-feira (11).<\/p>\n\n\n\n<figure class=\"wp-block-image size-full\"><img loading=\"lazy\" decoding=\"async\" width=\"598\" height=\"204\" src=\"https:\/\/radiostudiow.com.br\/site\/wp-content\/uploads\/2024\/10\/labirati.png\" alt=\"\" class=\"wp-image-28854\" srcset=\"https:\/\/radiostudiow.com.br\/site\/wp-content\/uploads\/2024\/10\/labirati.png 598w, https:\/\/radiostudiow.com.br\/site\/wp-content\/uploads\/2024\/10\/labirati-300x102.png 300w\" sizes=\"auto, (max-width: 598px) 100vw, 598px\" \/><\/figure>\n\n\n\n<p>O homem tamb\u00e9m foi at\u00e9 a resid\u00eancia e quebrou v\u00e1rias utens\u00edlios dom\u00e9sticos, pegou a filha menor de idade do casal de 4 anos e fugiu em um ve\u00edculo para rumo ignorado.<\/p>\n\n\n\n<p>A equipe efetuou o patrulhamento nas proximidades por\u00e9m n\u00e3o logrou \u00eaxito em localizar o autor, durante a confec\u00e7\u00e3o do boletim a crian\u00e7a foi entregue aos cuidados da m\u00e3e sendo orientada dos procedimentos legais.<\/p>\n","protected":false},"excerpt":{"rendered":"<p>A equipe da Pol\u00edcia Militar de S\u00e3o Jo\u00e3o do Triunfo foi acionada por uma senhora onde relatou que est\u00e1 em processo de div\u00f3rcio de seu marido e que naquela data o homem foi at\u00e9 o seu local de trabalho lhe amea\u00e7ar 08:30 horas dessa segunda-feira (11). O homem tamb\u00e9m foi at\u00e9 a resid\u00eancia e quebrou [&hellip;]<\/p>\n","protected":false},"author":2,"featured_media":20850,"comment_status":"open","ping_status":"open","sticky":false,"template":"","format":"standard","meta":{"footnotes":""},"categories":[2],"tags":[172],"class_list":["post-30222","post","type-post","status-publish","format-standard","has-post-thumbnail","hentry","category-policial","tag-featured"],"amp_enabled":true,"_links":{"self":[{"href":"https:\/\/radiostudiow.com.br\/site\/wp-json\/wp\/v2\/posts\/30222","targetHints":{"allow":["GET"]}}],"collection":[{"href":"https:\/\/radiostudiow.com.br\/site\/wp-json\/wp\/v2\/posts"}],"about":[{"href":"https:\/\/radiostudiow.com.br\/site\/wp-json\/wp\/v2\/types\/post"}],"author":[{"embeddable":true,"href":"https:\/\/radiostudiow.com.br\/site\/wp-json\/wp\/v2\/users\/2"}],"replies":[{"embeddable":true,"href":"https:\/\/radiostudiow.com.br\/site\/wp-json\/wp\/v2\/comments?post=30222"}],"version-history":[{"count":1,"href":"https:\/\/radiostudiow.com.br\/site\/wp-json\/wp\/v2\/posts\/30222\/revisions"}],"predecessor-version":[{"id":30223,"href":"https:\/\/radiostudiow.com.br\/site\/wp-json\/wp\/v2\/posts\/30222\/revisions\/30223"}],"wp:featuredmedia":[{"embeddable":true,"href":"https:\/\/radiostudiow.com.br\/site\/wp-json\/wp\/v2\/media\/20850"}],"wp:attachment":[{"href":"https:\/\/radiostudiow.com.br\/site\/wp-json\/wp\/v2\/media?parent=30222"}],"wp:term":[{"taxonomy":"category","embeddable":true,"href":"https:\/\/radiostudiow.com.br\/site\/wp-json\/wp\/v2\/categories?post=30222"},{"taxonomy":"post_tag","embeddable":true,"href":"https:\/\/radiostudiow.com.br\/site\/wp-json\/wp\/v2\/tags?post=30222"}],"curies":[{"name":"wp","href":"https:\/\/api.w.org\/{rel}","templated":true}]}}