{"id":30224,"date":"2024-11-13T11:12:13","date_gmt":"2024-11-13T14:12:13","guid":{"rendered":"https:\/\/radiostudiow.com.br\/site\/?p=30224"},"modified":"2025-01-31T14:58:14","modified_gmt":"2025-01-31T17:58:14","slug":"sogra-aciona-policia-apos-briga-e-agressoes-entre-noras-em-uniao-da-vitoria","status":"publish","type":"post","link":"https:\/\/radiostudiow.com.br\/site\/2024\/11\/13\/sogra-aciona-policia-apos-briga-e-agressoes-entre-noras-em-uniao-da-vitoria\/","title":{"rendered":"Sogra aciona pol\u00edcia ap\u00f3s briga e agress\u00f5es entre noras em Uni\u00e3o da Vit\u00f3ria"},"content":{"rendered":"\n<p>A equipe da Pol\u00edcia Militar de Uni\u00e3o da Vit\u00f3ria foi acionada para atender a um caso de briga familiar na Rua Jo\u00e3o Morais no bairro S\u00e3o Braz por volta das 20:30 horas desta segunda-feira (11).<\/p>\n\n\n\n<p>De acordo com informa\u00e7\u00f5es, duas mulheres discutiram e acabaram entrando em vias de fato. Quem acionou a equipe policial foi a sogra, que relatou que suas duas noras brigaram, e uma delas ficou ferida.<\/p>\n\n\n\n<figure class=\"wp-block-image size-full\"><img loading=\"lazy\" decoding=\"async\" width=\"897\" height=\"204\" src=\"https:\/\/radiostudiow.com.br\/site\/wp-content\/uploads\/2024\/04\/image-38.png\" alt=\"\" class=\"wp-image-21308\" srcset=\"https:\/\/radiostudiow.com.br\/site\/wp-content\/uploads\/2024\/04\/image-38.png 897w, https:\/\/radiostudiow.com.br\/site\/wp-content\/uploads\/2024\/04\/image-38-300x68.png 300w, https:\/\/radiostudiow.com.br\/site\/wp-content\/uploads\/2024\/04\/image-38-768x175.png 768w\" sizes=\"auto, (max-width: 897px) 100vw, 897px\" \/><\/figure>\n\n\n\n<p>A v\u00edtima, de 25 anos, foi atendida pelo Corpo de Bombeiros de Uni\u00e3o da Vit\u00f3ria por volta das 19h40 e sofreu ferimentos moderados, provocados por uma faca.<\/p>\n\n\n\n<p>Quando a equipe policial chegou ao local, as partes envolvidas j\u00e1 haviam se evadido. No entanto, durante patrulhamento pela regi\u00e3o, a agressora foi localizada e detida. Ela foi conduzida \u00e0 4\u00aa Subdivis\u00e3o Policial (SDP) para os procedimentos legais.<\/p>\n","protected":false},"excerpt":{"rendered":"<p>A equipe da Pol\u00edcia Militar de Uni\u00e3o da Vit\u00f3ria foi acionada para atender a um caso de briga familiar na Rua Jo\u00e3o Morais no bairro S\u00e3o Braz por volta das 20:30 horas desta segunda-feira (11). De acordo com informa\u00e7\u00f5es, duas mulheres discutiram e acabaram entrando em vias de fato. Quem acionou a equipe policial foi [&hellip;]<\/p>\n","protected":false},"author":2,"featured_media":20848,"comment_status":"open","ping_status":"open","sticky":false,"template":"","format":"standard","meta":{"footnotes":""},"categories":[2],"tags":[172],"class_list":["post-30224","post","type-post","status-publish","format-standard","has-post-thumbnail","hentry","category-policial","tag-featured"],"amp_enabled":true,"_links":{"self":[{"href":"https:\/\/radiostudiow.com.br\/site\/wp-json\/wp\/v2\/posts\/30224","targetHints":{"allow":["GET"]}}],"collection":[{"href":"https:\/\/radiostudiow.com.br\/site\/wp-json\/wp\/v2\/posts"}],"about":[{"href":"https:\/\/radiostudiow.com.br\/site\/wp-json\/wp\/v2\/types\/post"}],"author":[{"embeddable":true,"href":"https:\/\/radiostudiow.com.br\/site\/wp-json\/wp\/v2\/users\/2"}],"replies":[{"embeddable":true,"href":"https:\/\/radiostudiow.com.br\/site\/wp-json\/wp\/v2\/comments?post=30224"}],"version-history":[{"count":1,"href":"https:\/\/radiostudiow.com.br\/site\/wp-json\/wp\/v2\/posts\/30224\/revisions"}],"predecessor-version":[{"id":30226,"href":"https:\/\/radiostudiow.com.br\/site\/wp-json\/wp\/v2\/posts\/30224\/revisions\/30226"}],"wp:featuredmedia":[{"embeddable":true,"href":"https:\/\/radiostudiow.com.br\/site\/wp-json\/wp\/v2\/media\/20848"}],"wp:attachment":[{"href":"https:\/\/radiostudiow.com.br\/site\/wp-json\/wp\/v2\/media?parent=30224"}],"wp:term":[{"taxonomy":"category","embeddable":true,"href":"https:\/\/radiostudiow.com.br\/site\/wp-json\/wp\/v2\/categories?post=30224"},{"taxonomy":"post_tag","embeddable":true,"href":"https:\/\/radiostudiow.com.br\/site\/wp-json\/wp\/v2\/tags?post=30224"}],"curies":[{"name":"wp","href":"https:\/\/api.w.org\/{rel}","templated":true}]}}