{"id":30228,"date":"2024-11-13T16:47:54","date_gmt":"2024-11-13T19:47:54","guid":{"rendered":"https:\/\/radiostudiow.com.br\/site\/?p=30228"},"modified":"2025-01-31T14:58:14","modified_gmt":"2025-01-31T17:58:14","slug":"mec-orienta-mudancas-para-educacao-de-criancas-com-autismo","status":"publish","type":"post","link":"https:\/\/radiostudiow.com.br\/site\/2024\/11\/13\/mec-orienta-mudancas-para-educacao-de-criancas-com-autismo\/","title":{"rendered":"MEC orienta mudan\u00e7as para educa\u00e7\u00e3o de crian\u00e7as com autismo"},"content":{"rendered":"\n<p>O ministro da Educa\u00e7\u00e3o, Camilo Santana, homologou nesta quarta-feira um&nbsp;<a class=\"\" href=\"https:\/\/oglobo.globo.com\/brasil\/educacao\/noticia\/2024\/11\/05\/apos-acordo-com-mec-conselho-nacional-de-educacao-aprova-mudancas-para-educacao-de-criancas-com-autismo-veja-novidades.ghtml\" rel=\"noreferrer noopener\" target=\"_blank\">parecer com novas diretrizes<\/a>&nbsp;para a educa\u00e7\u00e3o de crian\u00e7as com autismo. O texto dever\u00e1 ser usado como refer\u00eancia nas redes de ensino p\u00fablicas e privadas.<\/p>\n\n\n\n<p>O parecer possui car\u00e1ter consultivo, mas tem peso entre os sistemas de educa\u00e7\u00e3o, e defende a formula\u00e7\u00e3o de um estudo de caso para cada estudante com autismo. Esse documento \u00e9 um diagn\u00f3stico que vai descrever se o aluno est\u00e1 adaptado \u00e0 escola, como \u00e9 a rela\u00e7\u00e3o dele com colegas, professores e a fam\u00edlia. O parecer inclusive define as perguntas que devem ser respondidas nele como se \u201co aluno gosta da escola?\u201d e \u201ctem amigos\u201d.<\/p>\n\n\n\n<figure class=\"wp-block-image size-full\"><img loading=\"lazy\" decoding=\"async\" width=\"598\" height=\"204\" src=\"https:\/\/radiostudiow.com.br\/site\/wp-content\/uploads\/2024\/04\/image-29.png\" alt=\"\" class=\"wp-image-21283\" srcset=\"https:\/\/radiostudiow.com.br\/site\/wp-content\/uploads\/2024\/04\/image-29.png 598w, https:\/\/radiostudiow.com.br\/site\/wp-content\/uploads\/2024\/04\/image-29-300x102.png 300w\" sizes=\"auto, (max-width: 598px) 100vw, 598px\" \/><\/figure>\n\n\n\n<p>Esse estudo de caso vai ser a base para a formula\u00e7\u00e3o de um Plano de Atendimento Educacional Especializado (PAEE) e um Plano Educa\u00e7\u00e3o Individualizado (PEI). Esses dois documentos j\u00e1 existem em sistemas educacionais fora do Brasil, mas s\u00e3o novidades no pa\u00eds.<\/p>\n\n\n\n<p>De acordo com o parecer, o PAEE \u00e9 um documento obrigat\u00f3rio que deve ser continuamente atualizado e conter: \u201c1) registro do estudo de caso; 2) defini\u00e7\u00e3o de materiais e recursos para eliminar ou minimizar as barreiras no contexto educacional; 3) avalia\u00e7\u00e3o da necessidade e disponibiliza\u00e7\u00e3o de recursos de tecnologia assistiva e comunica\u00e7\u00e3o aumentativa e alternativa; 4) avalia\u00e7\u00e3o da necessidade de oferta de profissionais de apoio escolar, int\u00e9rpretes de L\u00edngua Brasileira de Sinais e guias-int\u00e9rpretes; 5) demandas para a rede de prote\u00e7\u00e3o social e articula\u00e7\u00e3o intersetorial.\u201d<\/p>\n\n\n\n<p>Esse estudo de caso vai ser a base para a formula\u00e7\u00e3o de um Plano de Atendimento Educacional Especializado (PAEE) e um Plano Educa\u00e7\u00e3o Individualizado (PEI). Esses dois documentos j\u00e1 existem em sistemas educacionais fora do Brasil, mas s\u00e3o novidades no pa\u00eds.<\/p>\n\n\n\n<figure class=\"wp-block-image size-full\"><img loading=\"lazy\" decoding=\"async\" width=\"900\" height=\"408\" src=\"https:\/\/radiostudiow.com.br\/site\/wp-content\/uploads\/2024\/09\/image-64-1.png\" alt=\"\" class=\"wp-image-28207\" srcset=\"https:\/\/radiostudiow.com.br\/site\/wp-content\/uploads\/2024\/09\/image-64-1.png 900w, https:\/\/radiostudiow.com.br\/site\/wp-content\/uploads\/2024\/09\/image-64-1-300x136.png 300w, https:\/\/radiostudiow.com.br\/site\/wp-content\/uploads\/2024\/09\/image-64-1-768x348.png 768w\" sizes=\"auto, (max-width: 900px) 100vw, 900px\" \/><\/figure>\n\n\n\n<p>J\u00e1 o PEI, segundo parecer, precisa ter \u201d 1) um plano de acessibiliza\u00e7\u00e3o curricular, considerando as atividades desenvolvidas na sala de recursos multifuncionais e a articula\u00e7\u00e3o com o professor regente e demais profissionais da unidade escolar, nos diferentes espa\u00e7os; 2) medidas individualizadas de acesso ao curr\u00edculo para os estudantes autistas\u201d.<\/p>\n\n\n\n<p>Ap\u00f3s uma s\u00e9rie de mudan\u00e7as, o texto foi aprovado pelo Conselho Nacional de Educa\u00e7\u00e3o (CNE) na semana passada. Ele j\u00e1 havia sido aprovado pelo CNE em abril, no entanto, gerou enorme cis\u00e3o entre defensores e cr\u00edticos. Sem a homologa\u00e7\u00e3o, os conselheiros costuraram um acordo com o MEC para que o texto voltasse a ser discutido. A nova vers\u00e3o reduziu o parecer de 69 p\u00e1ginas para 22. Entre as principais mudan\u00e7as, est\u00e3o a retirada da cria\u00e7\u00e3o de acompanhantes&nbsp;especializados.<\/p>\n\n\n\n<p><em>Reportagem: O Globo<\/em><\/p>\n","protected":false},"excerpt":{"rendered":"<p>O ministro da Educa\u00e7\u00e3o, Camilo Santana, homologou nesta quarta-feira um&nbsp;parecer com novas diretrizes&nbsp;para a educa\u00e7\u00e3o de crian\u00e7as com autismo. O texto dever\u00e1 ser usado como refer\u00eancia nas redes de ensino p\u00fablicas e privadas. O parecer possui car\u00e1ter consultivo, mas tem peso entre os sistemas de educa\u00e7\u00e3o, e defende a formula\u00e7\u00e3o de um estudo de caso [&hellip;]<\/p>\n","protected":false},"author":2,"featured_media":30229,"comment_status":"open","ping_status":"open","sticky":false,"template":"","format":"standard","meta":{"footnotes":""},"categories":[7],"tags":[172],"class_list":["post-30228","post","type-post","status-publish","format-standard","has-post-thumbnail","hentry","category-geral","tag-featured"],"amp_enabled":true,"_links":{"self":[{"href":"https:\/\/radiostudiow.com.br\/site\/wp-json\/wp\/v2\/posts\/30228","targetHints":{"allow":["GET"]}}],"collection":[{"href":"https:\/\/radiostudiow.com.br\/site\/wp-json\/wp\/v2\/posts"}],"about":[{"href":"https:\/\/radiostudiow.com.br\/site\/wp-json\/wp\/v2\/types\/post"}],"author":[{"embeddable":true,"href":"https:\/\/radiostudiow.com.br\/site\/wp-json\/wp\/v2\/users\/2"}],"replies":[{"embeddable":true,"href":"https:\/\/radiostudiow.com.br\/site\/wp-json\/wp\/v2\/comments?post=30228"}],"version-history":[{"count":1,"href":"https:\/\/radiostudiow.com.br\/site\/wp-json\/wp\/v2\/posts\/30228\/revisions"}],"predecessor-version":[{"id":30230,"href":"https:\/\/radiostudiow.com.br\/site\/wp-json\/wp\/v2\/posts\/30228\/revisions\/30230"}],"wp:featuredmedia":[{"embeddable":true,"href":"https:\/\/radiostudiow.com.br\/site\/wp-json\/wp\/v2\/media\/30229"}],"wp:attachment":[{"href":"https:\/\/radiostudiow.com.br\/site\/wp-json\/wp\/v2\/media?parent=30228"}],"wp:term":[{"taxonomy":"category","embeddable":true,"href":"https:\/\/radiostudiow.com.br\/site\/wp-json\/wp\/v2\/categories?post=30228"},{"taxonomy":"post_tag","embeddable":true,"href":"https:\/\/radiostudiow.com.br\/site\/wp-json\/wp\/v2\/tags?post=30228"}],"curies":[{"name":"wp","href":"https:\/\/api.w.org\/{rel}","templated":true}]}}