{"id":30231,"date":"2024-11-13T17:02:37","date_gmt":"2024-11-13T20:02:37","guid":{"rendered":"https:\/\/radiostudiow.com.br\/site\/?p=30231"},"modified":"2025-01-31T14:58:14","modified_gmt":"2025-01-31T17:58:14","slug":"dois-homens-sao-presos-tentando-furtar-droga-que-ficou-espalhada-na-pista-apos-acidente-em-guarapuava","status":"publish","type":"post","link":"https:\/\/radiostudiow.com.br\/site\/2024\/11\/13\/dois-homens-sao-presos-tentando-furtar-droga-que-ficou-espalhada-na-pista-apos-acidente-em-guarapuava\/","title":{"rendered":"Dois homens s\u00e3o presos tentando furtar droga que ficou espalhada na pista ap\u00f3s acidente em\u00a0Guarapuava"},"content":{"rendered":"\n<p>Dois homens, de 29 e 37 anos, foram presos enquanto tentavam furtar drogas que se espalharam pela BR-277, em\u00a0Guarapuava, na regi\u00e3o central do Paran\u00e1, ap\u00f3s um acidente. As informa\u00e7\u00f5es s\u00e3o da Pol\u00edcia Militar (PM).<\/p>\n\n\n\n<figure class=\"wp-block-image size-full\"><img loading=\"lazy\" decoding=\"async\" width=\"897\" height=\"204\" src=\"https:\/\/radiostudiow.com.br\/site\/wp-content\/uploads\/2024\/08\/TIJOLAO.png\" alt=\"\" class=\"wp-image-25951\" srcset=\"https:\/\/radiostudiow.com.br\/site\/wp-content\/uploads\/2024\/08\/TIJOLAO.png 897w, https:\/\/radiostudiow.com.br\/site\/wp-content\/uploads\/2024\/08\/TIJOLAO-300x68.png 300w, https:\/\/radiostudiow.com.br\/site\/wp-content\/uploads\/2024\/08\/TIJOLAO-768x175.png 768w\" sizes=\"auto, (max-width: 897px) 100vw, 897px\" \/><\/figure>\n\n\n\n<p>O caso aconteceu na tarde de domingo (11), por volta das 14h30, no km 351 da rodovia.<\/p>\n\n\n\n<p>De acordo com a pol\u00edcia, um carro que transportava 113 kg de maconha, 43 kg de skunk (varia\u00e7\u00e3o da maconha) e 203 cigarros eletr\u00f4nicos bateu em uma caminhonete. O motorista, de 30 anos, e a passageira, de 24 anos, tentaram fugir, mas foram detidos em uma planta\u00e7\u00e3o de soja.<\/p>\n\n\n\n<p>A PM afirma que, quando retornou ao local do acidente, recebeu informa\u00e7\u00f5es de que nesse meio-tempo dois homens furtaram parte das drogas, que estavam no carro batido e se espalharam na rodovia ap\u00f3s o acidente.<\/p>\n\n\n\n<p><strong><em>\u201cSendo assim, a equipe conseguiu abordar ambos e localizar a droga escondida, os quais tamb\u00e9m foram presos\u201d, informa a pol\u00edcia.<\/em><\/strong><\/p>\n\n\n\n<p>Os ocupantes da caminhonete n\u00e3o se feriram.<\/p>\n\n\n\n<figure class=\"wp-block-image size-full\"><img loading=\"lazy\" decoding=\"async\" width=\"900\" height=\"408\" src=\"https:\/\/radiostudiow.com.br\/site\/wp-content\/uploads\/2024\/09\/image-64-1.png\" alt=\"\" class=\"wp-image-28207\" srcset=\"https:\/\/radiostudiow.com.br\/site\/wp-content\/uploads\/2024\/09\/image-64-1.png 900w, https:\/\/radiostudiow.com.br\/site\/wp-content\/uploads\/2024\/09\/image-64-1-300x136.png 300w, https:\/\/radiostudiow.com.br\/site\/wp-content\/uploads\/2024\/09\/image-64-1-768x348.png 768w\" sizes=\"auto, (max-width: 900px) 100vw, 900px\" \/><\/figure>\n\n\n\n<p>Ainda conforme o relato policial, o motorista e a passageira do carro que estava com drogas tiveram ferimentos leves e foram encaminhados para atendimento m\u00e9dico, sob escolta.<\/p>\n\n\n\n<p>Os nomes dos quatro detidos n\u00e3o foram revelados. O&nbsp;<strong>g1<\/strong>&nbsp;tenta identificar as defesas deles.<\/p>\n\n\n\n<figure class=\"wp-block-image size-full is-resized\"><img loading=\"lazy\" decoding=\"async\" width=\"984\" height=\"553\" src=\"https:\/\/radiostudiow.com.br\/site\/wp-content\/uploads\/2024\/11\/image-65.png\" alt=\"\" class=\"wp-image-30232\" style=\"width:740px;height:auto\" srcset=\"https:\/\/radiostudiow.com.br\/site\/wp-content\/uploads\/2024\/11\/image-65.png 984w, https:\/\/radiostudiow.com.br\/site\/wp-content\/uploads\/2024\/11\/image-65-300x169.png 300w, https:\/\/radiostudiow.com.br\/site\/wp-content\/uploads\/2024\/11\/image-65-768x432.png 768w\" sizes=\"auto, (max-width: 984px) 100vw, 984px\" \/><figcaption class=\"wp-element-caption\">Drogas ficaram espalhadas na pista ap\u00f3s o acidente \u2014 Foto: Cedida \u00e0 RPC<\/figcaption><\/figure>\n\n\n\n<p><\/p>\n","protected":false},"excerpt":{"rendered":"<p>Dois homens, de 29 e 37 anos, foram presos enquanto tentavam furtar drogas que se espalharam pela BR-277, em\u00a0Guarapuava, na regi\u00e3o central do Paran\u00e1, ap\u00f3s um acidente. As informa\u00e7\u00f5es s\u00e3o da Pol\u00edcia Militar (PM). O caso aconteceu na tarde de domingo (11), por volta das 14h30, no km 351 da rodovia. De acordo com a [&hellip;]<\/p>\n","protected":false},"author":2,"featured_media":30233,"comment_status":"open","ping_status":"open","sticky":false,"template":"","format":"standard","meta":{"footnotes":""},"categories":[2],"tags":[172],"class_list":["post-30231","post","type-post","status-publish","format-standard","has-post-thumbnail","hentry","category-policial","tag-featured"],"amp_enabled":true,"_links":{"self":[{"href":"https:\/\/radiostudiow.com.br\/site\/wp-json\/wp\/v2\/posts\/30231","targetHints":{"allow":["GET"]}}],"collection":[{"href":"https:\/\/radiostudiow.com.br\/site\/wp-json\/wp\/v2\/posts"}],"about":[{"href":"https:\/\/radiostudiow.com.br\/site\/wp-json\/wp\/v2\/types\/post"}],"author":[{"embeddable":true,"href":"https:\/\/radiostudiow.com.br\/site\/wp-json\/wp\/v2\/users\/2"}],"replies":[{"embeddable":true,"href":"https:\/\/radiostudiow.com.br\/site\/wp-json\/wp\/v2\/comments?post=30231"}],"version-history":[{"count":1,"href":"https:\/\/radiostudiow.com.br\/site\/wp-json\/wp\/v2\/posts\/30231\/revisions"}],"predecessor-version":[{"id":30234,"href":"https:\/\/radiostudiow.com.br\/site\/wp-json\/wp\/v2\/posts\/30231\/revisions\/30234"}],"wp:featuredmedia":[{"embeddable":true,"href":"https:\/\/radiostudiow.com.br\/site\/wp-json\/wp\/v2\/media\/30233"}],"wp:attachment":[{"href":"https:\/\/radiostudiow.com.br\/site\/wp-json\/wp\/v2\/media?parent=30231"}],"wp:term":[{"taxonomy":"category","embeddable":true,"href":"https:\/\/radiostudiow.com.br\/site\/wp-json\/wp\/v2\/categories?post=30231"},{"taxonomy":"post_tag","embeddable":true,"href":"https:\/\/radiostudiow.com.br\/site\/wp-json\/wp\/v2\/tags?post=30231"}],"curies":[{"name":"wp","href":"https:\/\/api.w.org\/{rel}","templated":true}]}}