{"id":30235,"date":"2024-11-14T11:05:44","date_gmt":"2024-11-14T14:05:44","guid":{"rendered":"https:\/\/radiostudiow.com.br\/site\/?p=30235"},"modified":"2025-01-31T14:58:14","modified_gmt":"2025-01-31T17:58:14","slug":"policia-civil-prende-homem-por-venda-de-cigarros-eletronicos-em-sao-mateus-do-sul","status":"publish","type":"post","link":"https:\/\/radiostudiow.com.br\/site\/2024\/11\/14\/policia-civil-prende-homem-por-venda-de-cigarros-eletronicos-em-sao-mateus-do-sul\/","title":{"rendered":"Pol\u00edcia Civil prende homem por venda de cigarros eletr\u00f4nicos em S\u00e3o Mateus do Sul"},"content":{"rendered":"\n<p>A PCPR, por meio da 3\u00aa Subdivis\u00e3o Policial de S\u00e3o Mateus do Sul, prendeu em flagrante um homem de 29 anos e apreendeu cigarros eletr\u00f4nicos, ess\u00eancias e baterias para o uso do dispositivo eletr\u00f4nico em S\u00e3o Mateus do Sul.<\/p>\n\n\n\n<figure class=\"wp-block-image size-full\"><img loading=\"lazy\" decoding=\"async\" width=\"897\" height=\"204\" src=\"https:\/\/radiostudiow.com.br\/site\/wp-content\/uploads\/2024\/11\/image-49.png\" alt=\"\" class=\"wp-image-30017\" srcset=\"https:\/\/radiostudiow.com.br\/site\/wp-content\/uploads\/2024\/11\/image-49.png 897w, https:\/\/radiostudiow.com.br\/site\/wp-content\/uploads\/2024\/11\/image-49-300x68.png 300w, https:\/\/radiostudiow.com.br\/site\/wp-content\/uploads\/2024\/11\/image-49-768x175.png 768w\" sizes=\"auto, (max-width: 897px) 100vw, 897px\" \/><\/figure>\n\n\n\n<p>A a\u00e7\u00e3o policial ocorreu na manh\u00e3 desta ter\u00e7a-feira (12) em uma tabacaria durante o cumprimento de um mandado de busca e apreens\u00e3o decorrente de uma investiga\u00e7\u00e3o, que apontava a venda de cigarros eletr\u00f4nicos para adolescentes naquele estabelecimento.<\/p>\n\n\n\n<p>Durante as buscas foram apreendidos 88 produtos, entre cigarros eletr\u00f4nicos, ess\u00eancias e baterias para o uso do dispositivo eletr\u00f4nico, os quais eram expostos \u00e0 venda no estabelecimento comercial e em aplicativos de delivery. Todos os produtos apreendidos foram avaliados em cerca de R$ 9 mil.<\/p>\n\n\n\n<p>Diante disso, o respons\u00e1vel pelo estabelecimento foi preso em flagrante delito pelo crime previsto no artigo 278 do C\u00f3digo Penal, que prev\u00ea a pena de 1 a 3 anos de deten\u00e7\u00e3o para quem expor \u00e0 venda, ter em dep\u00f3sito para vender ou, de qualquer forma, entregar a consumo coisa ou subst\u00e2ncia nociva \u00e0 sa\u00fade.<\/p>\n\n\n\n<figure class=\"wp-block-image size-full\"><img loading=\"lazy\" decoding=\"async\" width=\"598\" height=\"204\" src=\"https:\/\/radiostudiow.com.br\/site\/wp-content\/uploads\/2024\/10\/labirati.png\" alt=\"\" class=\"wp-image-28854\" srcset=\"https:\/\/radiostudiow.com.br\/site\/wp-content\/uploads\/2024\/10\/labirati.png 598w, https:\/\/radiostudiow.com.br\/site\/wp-content\/uploads\/2024\/10\/labirati-300x102.png 300w\" sizes=\"auto, (max-width: 598px) 100vw, 598px\" \/><\/figure>\n\n\n\n<p>O conduzido tamb\u00e9m responder\u00e1 inqu\u00e9rito policial pelo crime do artigo 243 do Estatuto da Crian\u00e7a e do Adolescente por vender, fornecer, servir, ministrar ou entregar, ainda que gratuitamente, de qualquer forma, a crian\u00e7a ou a adolescente, produtos cujos componentes possam causar depend\u00eancia f\u00edsica ou ps\u00edquica.<\/p>\n\n\n\n<p>Importante salientar que a comercializa\u00e7\u00e3o, importa\u00e7\u00e3o, o armazenamento, o transporte e a propaganda de cigarros eletr\u00f4nicos, bem como o uso em recintos coletivos fechados, p\u00fablico ou privado s\u00e3o vedados pela ANVISA (Ag\u00eancia Nacional de Vigil\u00e2ncia Sanit\u00e1ria).<\/p>\n\n\n\n<p>A PCPR refor\u00e7a seu compromisso com a seguran\u00e7a p\u00fablica e a sa\u00fade da popula\u00e7\u00e3o e continua o trabalho de combate ao tr\u00e1fico e \u00e0 venda de produtos n\u00e3o autorizados, que colocam em risco a integridade dos cidad\u00e3os.<\/p>\n","protected":false},"excerpt":{"rendered":"<p>A PCPR, por meio da 3\u00aa Subdivis\u00e3o Policial de S\u00e3o Mateus do Sul, prendeu em flagrante um homem de 29 anos e apreendeu cigarros eletr\u00f4nicos, ess\u00eancias e baterias para o uso do dispositivo eletr\u00f4nico em S\u00e3o Mateus do Sul. A a\u00e7\u00e3o policial ocorreu na manh\u00e3 desta ter\u00e7a-feira (12) em uma tabacaria durante o cumprimento de [&hellip;]<\/p>\n","protected":false},"author":2,"featured_media":30236,"comment_status":"open","ping_status":"open","sticky":false,"template":"","format":"standard","meta":{"footnotes":""},"categories":[2],"tags":[172],"class_list":["post-30235","post","type-post","status-publish","format-standard","has-post-thumbnail","hentry","category-policial","tag-featured"],"amp_enabled":true,"_links":{"self":[{"href":"https:\/\/radiostudiow.com.br\/site\/wp-json\/wp\/v2\/posts\/30235","targetHints":{"allow":["GET"]}}],"collection":[{"href":"https:\/\/radiostudiow.com.br\/site\/wp-json\/wp\/v2\/posts"}],"about":[{"href":"https:\/\/radiostudiow.com.br\/site\/wp-json\/wp\/v2\/types\/post"}],"author":[{"embeddable":true,"href":"https:\/\/radiostudiow.com.br\/site\/wp-json\/wp\/v2\/users\/2"}],"replies":[{"embeddable":true,"href":"https:\/\/radiostudiow.com.br\/site\/wp-json\/wp\/v2\/comments?post=30235"}],"version-history":[{"count":2,"href":"https:\/\/radiostudiow.com.br\/site\/wp-json\/wp\/v2\/posts\/30235\/revisions"}],"predecessor-version":[{"id":30267,"href":"https:\/\/radiostudiow.com.br\/site\/wp-json\/wp\/v2\/posts\/30235\/revisions\/30267"}],"wp:featuredmedia":[{"embeddable":true,"href":"https:\/\/radiostudiow.com.br\/site\/wp-json\/wp\/v2\/media\/30236"}],"wp:attachment":[{"href":"https:\/\/radiostudiow.com.br\/site\/wp-json\/wp\/v2\/media?parent=30235"}],"wp:term":[{"taxonomy":"category","embeddable":true,"href":"https:\/\/radiostudiow.com.br\/site\/wp-json\/wp\/v2\/categories?post=30235"},{"taxonomy":"post_tag","embeddable":true,"href":"https:\/\/radiostudiow.com.br\/site\/wp-json\/wp\/v2\/tags?post=30235"}],"curies":[{"name":"wp","href":"https:\/\/api.w.org\/{rel}","templated":true}]}}