{"id":30246,"date":"2024-11-14T11:10:07","date_gmt":"2024-11-14T14:10:07","guid":{"rendered":"https:\/\/radiostudiow.com.br\/site\/?p=30246"},"modified":"2025-01-31T14:58:13","modified_gmt":"2025-01-31T17:58:13","slug":"policia-civil-prende-tio-suspeito-de-estuprar-a-sobrinha-de-5-anos","status":"publish","type":"post","link":"https:\/\/radiostudiow.com.br\/site\/2024\/11\/14\/policia-civil-prende-tio-suspeito-de-estuprar-a-sobrinha-de-5-anos\/","title":{"rendered":"Pol\u00edcia Civil prende tio suspeito de estuprar a sobrinha de 5 anos"},"content":{"rendered":"\n<p>A Pol\u00edcia Civil do Paran\u00e1 (PCPR), atrav\u00e9s da 4\u00aa SDP Uni\u00e3o da Vitoria, cumpriu nesta quarta-feira, 13, mandado de pris\u00e3o contra um homem de 63 anos suspeito de estupro de vulner\u00e1vel em Cruz Machado.<\/p>\n\n\n\n<figure class=\"wp-block-image size-full\"><img loading=\"lazy\" decoding=\"async\" width=\"598\" height=\"204\" src=\"https:\/\/radiostudiow.com.br\/site\/wp-content\/uploads\/2024\/04\/image-29.png\" alt=\"\" class=\"wp-image-21283\" srcset=\"https:\/\/radiostudiow.com.br\/site\/wp-content\/uploads\/2024\/04\/image-29.png 598w, https:\/\/radiostudiow.com.br\/site\/wp-content\/uploads\/2024\/04\/image-29-300x102.png 300w\" sizes=\"auto, (max-width: 598px) 100vw, 598px\" \/><\/figure>\n\n\n\n<p>A v\u00edtima seria sua pr\u00f3pria sobrinha, que tinha apenas 5 anos na \u00e9poca do crime. Al\u00e9m disso, a sobrinha sofria amea\u00e7as do mesmo, o que agrava ainda mais a situa\u00e7\u00e3o. Ap\u00f3s o cumprimento do mandado e os procedimentos legais, o homem foi encaminhado ao sistema penitenci\u00e1rio.<\/p>\n\n\n\n<p>As investiga\u00e7\u00f5es continuam para esclarecer completamente os fatos, pois suspeita-se que existam outras v\u00edtimas.<\/p>\n\n\n\n<p>DEN\u00daNCIAS \u2013 Aquele que tomar conhecimento da pr\u00e1tica de algum crime contra crian\u00e7a ou adolescente deve denunciar.<\/p>\n\n\n\n<figure class=\"wp-block-image size-full\"><img loading=\"lazy\" decoding=\"async\" width=\"900\" height=\"408\" src=\"https:\/\/radiostudiow.com.br\/site\/wp-content\/uploads\/2024\/09\/image-64-1.png\" alt=\"\" class=\"wp-image-28207\" srcset=\"https:\/\/radiostudiow.com.br\/site\/wp-content\/uploads\/2024\/09\/image-64-1.png 900w, https:\/\/radiostudiow.com.br\/site\/wp-content\/uploads\/2024\/09\/image-64-1-300x136.png 300w, https:\/\/radiostudiow.com.br\/site\/wp-content\/uploads\/2024\/09\/image-64-1-768x348.png 768w\" sizes=\"auto, (max-width: 900px) 100vw, 900px\" \/><\/figure>\n\n\n\n<p>A PCPR solicita a colabora\u00e7\u00e3o da popula\u00e7\u00e3o com informa\u00e7\u00f5es que auxiliem em casos de viol\u00eancia contra crian\u00e7as e adolescentes. As den\u00fancias podem ser feitas de forma an\u00f4nima atrav\u00e9s do 197, da PCPR ou 181, do Disque Den\u00fancia.<\/p>\n\n\n\n<p>Se a viol\u00eancia estiver ocorrendo naquele momento, a pessoa deve acionar a Pol\u00edcia Militar, por meio do 190.<\/p>\n","protected":false},"excerpt":{"rendered":"<p>A Pol\u00edcia Civil do Paran\u00e1 (PCPR), atrav\u00e9s da 4\u00aa SDP Uni\u00e3o da Vitoria, cumpriu nesta quarta-feira, 13, mandado de pris\u00e3o contra um homem de 63 anos suspeito de estupro de vulner\u00e1vel em Cruz Machado. A v\u00edtima seria sua pr\u00f3pria sobrinha, que tinha apenas 5 anos na \u00e9poca do crime. Al\u00e9m disso, a sobrinha sofria amea\u00e7as [&hellip;]<\/p>\n","protected":false},"author":2,"featured_media":30005,"comment_status":"open","ping_status":"open","sticky":false,"template":"","format":"standard","meta":{"footnotes":""},"categories":[2],"tags":[172],"class_list":["post-30246","post","type-post","status-publish","format-standard","has-post-thumbnail","hentry","category-policial","tag-featured"],"amp_enabled":true,"_links":{"self":[{"href":"https:\/\/radiostudiow.com.br\/site\/wp-json\/wp\/v2\/posts\/30246","targetHints":{"allow":["GET"]}}],"collection":[{"href":"https:\/\/radiostudiow.com.br\/site\/wp-json\/wp\/v2\/posts"}],"about":[{"href":"https:\/\/radiostudiow.com.br\/site\/wp-json\/wp\/v2\/types\/post"}],"author":[{"embeddable":true,"href":"https:\/\/radiostudiow.com.br\/site\/wp-json\/wp\/v2\/users\/2"}],"replies":[{"embeddable":true,"href":"https:\/\/radiostudiow.com.br\/site\/wp-json\/wp\/v2\/comments?post=30246"}],"version-history":[{"count":3,"href":"https:\/\/radiostudiow.com.br\/site\/wp-json\/wp\/v2\/posts\/30246\/revisions"}],"predecessor-version":[{"id":30272,"href":"https:\/\/radiostudiow.com.br\/site\/wp-json\/wp\/v2\/posts\/30246\/revisions\/30272"}],"wp:featuredmedia":[{"embeddable":true,"href":"https:\/\/radiostudiow.com.br\/site\/wp-json\/wp\/v2\/media\/30005"}],"wp:attachment":[{"href":"https:\/\/radiostudiow.com.br\/site\/wp-json\/wp\/v2\/media?parent=30246"}],"wp:term":[{"taxonomy":"category","embeddable":true,"href":"https:\/\/radiostudiow.com.br\/site\/wp-json\/wp\/v2\/categories?post=30246"},{"taxonomy":"post_tag","embeddable":true,"href":"https:\/\/radiostudiow.com.br\/site\/wp-json\/wp\/v2\/tags?post=30246"}],"curies":[{"name":"wp","href":"https:\/\/api.w.org\/{rel}","templated":true}]}}