{"id":30248,"date":"2024-11-14T11:27:55","date_gmt":"2024-11-14T14:27:55","guid":{"rendered":"https:\/\/radiostudiow.com.br\/site\/?p=30248"},"modified":"2025-01-31T14:58:13","modified_gmt":"2025-01-31T17:58:13","slug":"transicao-seca-e-aguas-pecuarista-deve-ter-atencao-especial-ao-manejo-nutricional-no-periodo","status":"publish","type":"post","link":"https:\/\/radiostudiow.com.br\/site\/2024\/11\/14\/transicao-seca-e-aguas-pecuarista-deve-ter-atencao-especial-ao-manejo-nutricional-no-periodo\/","title":{"rendered":"Transi\u00e7\u00e3o seca e \u00e1guas: pecuarista deve ter aten\u00e7\u00e3o especial ao manejo nutricional no per\u00edodo"},"content":{"rendered":"\n<p>O per\u00edodo de transi\u00e7\u00e3o entre a seca e as \u00e1guas \u00e9 um dos momentos que mais geram d\u00favidas entre os pecuaristas no que diz respeito ao manejo nutricional na bovinocultura. Nessa fase, a escolha do suplemento ideal \u00e9 fundamental para evitar quedas no consumo e minimizar os riscos de intoxica\u00e7\u00e3o alimentar nos bovinos. Segundo Murilo Meschiatti, consultor t\u00e9cnico da Trouw Nutrition, o ajuste da inclus\u00e3o de ureia em suplementos proteicos deve acompanhar as varia\u00e7\u00f5es clim\u00e1ticas e as consequentes mudan\u00e7as na composi\u00e7\u00e3o bromatol\u00f3gica e estrutural das plantas forrageiras.<\/p>\n\n\n\n<div class=\"wp-block-media-text is-stacked-on-mobile\" style=\"grid-template-columns:58% auto\"><figure class=\"wp-block-media-text__media\"><img loading=\"lazy\" decoding=\"async\" width=\"1024\" height=\"1000\" src=\"https:\/\/radiostudiow.com.br\/site\/wp-content\/uploads\/2024\/10\/435967771_895308802606017_9088893450030346994_n-1024x1000.jpg\" alt=\"\" class=\"wp-image-29000 size-full\" srcset=\"https:\/\/radiostudiow.com.br\/site\/wp-content\/uploads\/2024\/10\/435967771_895308802606017_9088893450030346994_n-1024x1000.jpg 1024w, https:\/\/radiostudiow.com.br\/site\/wp-content\/uploads\/2024\/10\/435967771_895308802606017_9088893450030346994_n-300x293.jpg 300w, https:\/\/radiostudiow.com.br\/site\/wp-content\/uploads\/2024\/10\/435967771_895308802606017_9088893450030346994_n-768x750.jpg 768w, https:\/\/radiostudiow.com.br\/site\/wp-content\/uploads\/2024\/10\/435967771_895308802606017_9088893450030346994_n-1536x1500.jpg 1536w, https:\/\/radiostudiow.com.br\/site\/wp-content\/uploads\/2024\/10\/435967771_895308802606017_9088893450030346994_n.jpg 2048w\" sizes=\"auto, (max-width: 1024px) 100vw, 1024px\" \/><\/figure><div class=\"wp-block-media-text__content\">\n<p><\/p>\n<\/div><\/div>\n\n\n\n<p><strong><em>\u201cIsso porque, durante a seca, as pastagens apresentam baixo teor de prote\u00edna e menor digestibilidade das fibras, exigindo uma suplementa\u00e7\u00e3o proteica mais intensa. A ureia, nesse cen\u00e1rio, se torna essencial para os produtores que buscam fornecer Nitrog\u00eanio N\u00e3o-Proteico (NNP), composto que melhora a digestibilidade das fibras, aumenta o consumo de mat\u00e9ria seca e, consequentemente, promove o ganho de peso dos animais\u201d, explica Murilo.<\/em><\/strong><\/p>\n\n\n\n<p>Com a chegada das chuvas, no entanto, os pastos come\u00e7am a rebrotar e oferecem, em sua estrutura, alta qualidade nutricional, melhorando a digestibilidade do rebanho. Nesse contexto, uma das principais adapta\u00e7\u00f5es necess\u00e1rias na suplementa\u00e7\u00e3o proteica \u00e9 a redu\u00e7\u00e3o, e, em alguns casos, a remo\u00e7\u00e3o da ureia, visando a diminui\u00e7\u00e3o do teor de prote\u00edna bruta. Essa mudan\u00e7a \u00e9 necess\u00e1ria por dois motivos principais: garantir o consumo adequado do suplemento, j\u00e1 que a ureia, juntamente com o cloreto de s\u00f3dio e aditivos, atua como controlador de consumo, e ajustar o custo do suplemento, reduzindo o pre\u00e7o por quilo do produto.<\/p>\n\n\n\n<figure class=\"wp-block-image size-full\"><img loading=\"lazy\" decoding=\"async\" width=\"897\" height=\"204\" src=\"https:\/\/radiostudiow.com.br\/site\/wp-content\/uploads\/2024\/04\/image-50.png\" alt=\"\" class=\"wp-image-21368\" srcset=\"https:\/\/radiostudiow.com.br\/site\/wp-content\/uploads\/2024\/04\/image-50.png 897w, https:\/\/radiostudiow.com.br\/site\/wp-content\/uploads\/2024\/04\/image-50-300x68.png 300w, https:\/\/radiostudiow.com.br\/site\/wp-content\/uploads\/2024\/04\/image-50-768x175.png 768w\" sizes=\"auto, (max-width: 897px) 100vw, 897px\" \/><\/figure>\n\n\n\n<p>Ciente dos desafios impostos pelo per\u00edodo de transi\u00e7\u00e3o clim\u00e1tica, a Trouw Nutrition est\u00e1 ao lado dos pecuaristas oferecendo solu\u00e7\u00f5es tecnol\u00f3gicas e suplementos adequados, com elementos minerais e proteicos, para bovinos de corte em todas as fases. <strong><em>\u201cLambisk SA \u00e9 o proteinado ideal para substituir a ureia, sendo especialmente indicado para esse per\u00edodo de transi\u00e7\u00e3o entre seca e chuva, com a rebrota dos pastos\u201d, completa o especialista da Trouw Nutrition.<\/em><\/strong><\/p>\n\n\n\n<p>Fonte: Thiago Silva &#8211; Texto Comunica\u00e7\u00e3o Corporativa<\/p>\n","protected":false},"excerpt":{"rendered":"<p>O per\u00edodo de transi\u00e7\u00e3o entre a seca e as \u00e1guas \u00e9 um dos momentos que mais geram d\u00favidas entre os pecuaristas no que diz respeito ao manejo nutricional na bovinocultura. Nessa fase, a escolha do suplemento ideal \u00e9 fundamental para evitar quedas no consumo e minimizar os riscos de intoxica\u00e7\u00e3o alimentar nos bovinos. Segundo Murilo [&hellip;]<\/p>\n","protected":false},"author":2,"featured_media":30274,"comment_status":"open","ping_status":"open","sticky":false,"template":"","format":"standard","meta":{"footnotes":""},"categories":[7],"tags":[172],"class_list":["post-30248","post","type-post","status-publish","format-standard","has-post-thumbnail","hentry","category-geral","tag-featured"],"amp_enabled":true,"_links":{"self":[{"href":"https:\/\/radiostudiow.com.br\/site\/wp-json\/wp\/v2\/posts\/30248","targetHints":{"allow":["GET"]}}],"collection":[{"href":"https:\/\/radiostudiow.com.br\/site\/wp-json\/wp\/v2\/posts"}],"about":[{"href":"https:\/\/radiostudiow.com.br\/site\/wp-json\/wp\/v2\/types\/post"}],"author":[{"embeddable":true,"href":"https:\/\/radiostudiow.com.br\/site\/wp-json\/wp\/v2\/users\/2"}],"replies":[{"embeddable":true,"href":"https:\/\/radiostudiow.com.br\/site\/wp-json\/wp\/v2\/comments?post=30248"}],"version-history":[{"count":3,"href":"https:\/\/radiostudiow.com.br\/site\/wp-json\/wp\/v2\/posts\/30248\/revisions"}],"predecessor-version":[{"id":30275,"href":"https:\/\/radiostudiow.com.br\/site\/wp-json\/wp\/v2\/posts\/30248\/revisions\/30275"}],"wp:featuredmedia":[{"embeddable":true,"href":"https:\/\/radiostudiow.com.br\/site\/wp-json\/wp\/v2\/media\/30274"}],"wp:attachment":[{"href":"https:\/\/radiostudiow.com.br\/site\/wp-json\/wp\/v2\/media?parent=30248"}],"wp:term":[{"taxonomy":"category","embeddable":true,"href":"https:\/\/radiostudiow.com.br\/site\/wp-json\/wp\/v2\/categories?post=30248"},{"taxonomy":"post_tag","embeddable":true,"href":"https:\/\/radiostudiow.com.br\/site\/wp-json\/wp\/v2\/tags?post=30248"}],"curies":[{"name":"wp","href":"https:\/\/api.w.org\/{rel}","templated":true}]}}