{"id":30281,"date":"2024-11-14T11:41:23","date_gmt":"2024-11-14T14:41:23","guid":{"rendered":"https:\/\/radiostudiow.com.br\/site\/?p=30281"},"modified":"2025-01-31T14:58:13","modified_gmt":"2025-01-31T17:58:13","slug":"carreta-de-uniao-da-vitoria-se-envolve-em-acidente-com-7-carros-em-sp","status":"publish","type":"post","link":"https:\/\/radiostudiow.com.br\/site\/2024\/11\/14\/carreta-de-uniao-da-vitoria-se-envolve-em-acidente-com-7-carros-em-sp\/","title":{"rendered":"Carreta de Uni\u00e3o da Vit\u00f3ria se envolve em acidente com v\u00e1rios ve\u00edculos em S\u00e3o Paulo"},"content":{"rendered":"\n<p>Na manh\u00e3 desta ter\u00e7a-feira, 12 de novembro, uma c\u00e2mera de seguran\u00e7a capturou o momento em que uma carreta, com placas de Uni\u00e3o da Vit\u00f3ria, perdeu o controle e colidiu com v\u00e1rios carros e um \u00f4nibus na Avenida Senador Teot\u00f4nio Vilela, em S\u00e3o Paulo.<\/p>\n\n\n\n<figure class=\"wp-block-image size-full\"><img loading=\"lazy\" decoding=\"async\" width=\"598\" height=\"204\" src=\"https:\/\/radiostudiow.com.br\/site\/wp-content\/uploads\/2024\/10\/labirati.png\" alt=\"\" class=\"wp-image-28854\" srcset=\"https:\/\/radiostudiow.com.br\/site\/wp-content\/uploads\/2024\/10\/labirati.png 598w, https:\/\/radiostudiow.com.br\/site\/wp-content\/uploads\/2024\/10\/labirati-300x102.png 300w\" sizes=\"auto, (max-width: 598px) 100vw, 598px\" \/><\/figure>\n\n\n\n<p>O acidente, registrado pelo perfil\u00a0<em>Foco na Miguel Yunes<\/em>, resultou em danos materiais significativos, envolvendo ao menos cinco ve\u00edculos e um \u00f4nibus, al\u00e9m da queda de um poste de energia que deixou parte do bairro sem eletricidade.<\/p>\n\n\n\n<p>Nas imagens, \u00e9 poss\u00edvel ver a carreta se aproximando do cruzamento e, aparentemente, tentando reduzir a velocidade ao subir na cal\u00e7ada.&nbsp;Sem sucesso, o ve\u00edculo desgovernado segue colidindo com outros autom\u00f3veis antes de finalmente parar.<\/p>\n\n\n\n<figure class=\"wp-block-image size-full\"><img loading=\"lazy\" decoding=\"async\" width=\"900\" height=\"408\" src=\"https:\/\/radiostudiow.com.br\/site\/wp-content\/uploads\/2024\/09\/image-64-1.png\" alt=\"\" class=\"wp-image-28207\" srcset=\"https:\/\/radiostudiow.com.br\/site\/wp-content\/uploads\/2024\/09\/image-64-1.png 900w, https:\/\/radiostudiow.com.br\/site\/wp-content\/uploads\/2024\/09\/image-64-1-300x136.png 300w, https:\/\/radiostudiow.com.br\/site\/wp-content\/uploads\/2024\/09\/image-64-1-768x348.png 768w\" sizes=\"auto, (max-width: 900px) 100vw, 900px\" \/><\/figure>\n\n\n\n<p><em><strong>&#8220;Estamos bem! N\u00e3o foi nada grave, ningu\u00e9m nem se arranhou gra\u00e7as a r\u00e1pida a\u00e7\u00e3o do meu marido, n\u00e3o ficamos sem freio. Foi problema no pedal do freio e tudo aconteceu devagar, pois, o caminh\u00e3o estava engrenado! O carro azul quem jogou na calcada em frente ao caminh\u00e3o, j\u00e1 temos as filmagens de c\u00e2mera de seguran\u00e7a! Obrigado a todos que nos mandaram mensagens de apoio&#8221;, relatou a esposa do motorista do caminh\u00e3o.<\/strong><\/em><\/p>\n\n\n\n<p>Apesar da gravidade do acidente, o Corpo de Bombeiros informou que n\u00e3o houve feridos.<\/p>\n\n\n\n<figure class=\"wp-block-video\"><video controls src=\"https:\/\/radiostudiow.com.br\/site\/wp-content\/uploads\/2024\/11\/02TV.mp4\"><\/video><\/figure>\n","protected":false},"excerpt":{"rendered":"<p>Na manh\u00e3 desta ter\u00e7a-feira, 12 de novembro, uma c\u00e2mera de seguran\u00e7a capturou o momento em que uma carreta, com placas de Uni\u00e3o da Vit\u00f3ria, perdeu o controle e colidiu com v\u00e1rios carros e um \u00f4nibus na Avenida Senador Teot\u00f4nio Vilela, em S\u00e3o Paulo. O acidente, registrado pelo perfil\u00a0Foco na Miguel Yunes, resultou em danos materiais [&hellip;]<\/p>\n","protected":false},"author":2,"featured_media":30282,"comment_status":"open","ping_status":"open","sticky":false,"template":"","format":"standard","meta":{"footnotes":""},"categories":[185],"tags":[172],"class_list":["post-30281","post","type-post","status-publish","format-standard","has-post-thumbnail","hentry","category-regional","tag-featured"],"amp_enabled":true,"_links":{"self":[{"href":"https:\/\/radiostudiow.com.br\/site\/wp-json\/wp\/v2\/posts\/30281","targetHints":{"allow":["GET"]}}],"collection":[{"href":"https:\/\/radiostudiow.com.br\/site\/wp-json\/wp\/v2\/posts"}],"about":[{"href":"https:\/\/radiostudiow.com.br\/site\/wp-json\/wp\/v2\/types\/post"}],"author":[{"embeddable":true,"href":"https:\/\/radiostudiow.com.br\/site\/wp-json\/wp\/v2\/users\/2"}],"replies":[{"embeddable":true,"href":"https:\/\/radiostudiow.com.br\/site\/wp-json\/wp\/v2\/comments?post=30281"}],"version-history":[{"count":2,"href":"https:\/\/radiostudiow.com.br\/site\/wp-json\/wp\/v2\/posts\/30281\/revisions"}],"predecessor-version":[{"id":30286,"href":"https:\/\/radiostudiow.com.br\/site\/wp-json\/wp\/v2\/posts\/30281\/revisions\/30286"}],"wp:featuredmedia":[{"embeddable":true,"href":"https:\/\/radiostudiow.com.br\/site\/wp-json\/wp\/v2\/media\/30282"}],"wp:attachment":[{"href":"https:\/\/radiostudiow.com.br\/site\/wp-json\/wp\/v2\/media?parent=30281"}],"wp:term":[{"taxonomy":"category","embeddable":true,"href":"https:\/\/radiostudiow.com.br\/site\/wp-json\/wp\/v2\/categories?post=30281"},{"taxonomy":"post_tag","embeddable":true,"href":"https:\/\/radiostudiow.com.br\/site\/wp-json\/wp\/v2\/tags?post=30281"}],"curies":[{"name":"wp","href":"https:\/\/api.w.org\/{rel}","templated":true}]}}