{"id":30287,"date":"2024-11-14T11:43:10","date_gmt":"2024-11-14T14:43:10","guid":{"rendered":"https:\/\/radiostudiow.com.br\/site\/?p=30287"},"modified":"2025-01-31T14:58:13","modified_gmt":"2025-01-31T17:58:13","slug":"motorista-perde-controle-e-tomba-carro-apos-atingir-mureta-de-ponte-na-br-476-em-sao-mateus-do-sul","status":"publish","type":"post","link":"https:\/\/radiostudiow.com.br\/site\/2024\/11\/14\/motorista-perde-controle-e-tomba-carro-apos-atingir-mureta-de-ponte-na-br-476-em-sao-mateus-do-sul\/","title":{"rendered":"Motorista perde controle e tomba carro ap\u00f3s atingir mureta de ponte na BR-476 em S\u00e3o Mateus do Sul"},"content":{"rendered":"\n<p>O Corpo de Bombeiros de S\u00e3o Mateus do Sul foi acionado para atender a um acidente de tr\u00e2nsito na BR-476 KM 268 na regi\u00e3o da Vargem Grande por volta das 00:15 horas desta quarta-feira (13).<\/p>\n\n\n\n<figure class=\"wp-block-image size-full\"><img loading=\"lazy\" decoding=\"async\" width=\"897\" height=\"204\" src=\"https:\/\/radiostudiow.com.br\/site\/wp-content\/uploads\/2024\/11\/image-49.png\" alt=\"\" class=\"wp-image-30017\" srcset=\"https:\/\/radiostudiow.com.br\/site\/wp-content\/uploads\/2024\/11\/image-49.png 897w, https:\/\/radiostudiow.com.br\/site\/wp-content\/uploads\/2024\/11\/image-49-300x68.png 300w, https:\/\/radiostudiow.com.br\/site\/wp-content\/uploads\/2024\/11\/image-49-768x175.png 768w\" sizes=\"auto, (max-width: 897px) 100vw, 897px\" \/><\/figure>\n\n\n\n<p>No local, uma caminhonete Toyota Hilux com placas de Marmeleiro\/PR, veio a tombar ap\u00f3s atingir a mureta da ponte, devido a uma situa\u00e7\u00e3o do condutor ter sua vis\u00e3o ofuscada pela luz do ve\u00edculo que vinha no sentido contr\u00e1rio.<\/p>\n\n\n\n<p>No ve\u00edculo estavam tr\u00eas pessoas: uma adolescente de 15 anos que n\u00e3o se <a><\/a>feriu, uma mulher de 64 anos que sofreu ferimentos leves e um homem de 43 anos que teve ferimentos moderados, sendo encaminhadas as v\u00edtimas ao Pronto Atendimento. A PRF foi acionada para o local.<\/p>\n\n\n\n<figure class=\"wp-block-video\"><video height=\"1080\" style=\"aspect-ratio: 1920 \/ 1080;\" width=\"1920\" controls src=\"https:\/\/radiostudiow.com.br\/site\/wp-content\/uploads\/2024\/11\/01TV.mp4\"><\/video><\/figure>\n","protected":false},"excerpt":{"rendered":"<p>O Corpo de Bombeiros de S\u00e3o Mateus do Sul foi acionado para atender a um acidente de tr\u00e2nsito na BR-476 KM 268 na regi\u00e3o da Vargem Grande por volta das 00:15 horas desta quarta-feira (13). No local, uma caminhonete Toyota Hilux com placas de Marmeleiro\/PR, veio a tombar ap\u00f3s atingir a mureta da ponte, devido [&hellip;]<\/p>\n","protected":false},"author":2,"featured_media":30289,"comment_status":"open","ping_status":"open","sticky":false,"template":"","format":"standard","meta":{"footnotes":""},"categories":[185],"tags":[172],"class_list":["post-30287","post","type-post","status-publish","format-standard","has-post-thumbnail","hentry","category-regional","tag-featured"],"amp_enabled":true,"_links":{"self":[{"href":"https:\/\/radiostudiow.com.br\/site\/wp-json\/wp\/v2\/posts\/30287","targetHints":{"allow":["GET"]}}],"collection":[{"href":"https:\/\/radiostudiow.com.br\/site\/wp-json\/wp\/v2\/posts"}],"about":[{"href":"https:\/\/radiostudiow.com.br\/site\/wp-json\/wp\/v2\/types\/post"}],"author":[{"embeddable":true,"href":"https:\/\/radiostudiow.com.br\/site\/wp-json\/wp\/v2\/users\/2"}],"replies":[{"embeddable":true,"href":"https:\/\/radiostudiow.com.br\/site\/wp-json\/wp\/v2\/comments?post=30287"}],"version-history":[{"count":1,"href":"https:\/\/radiostudiow.com.br\/site\/wp-json\/wp\/v2\/posts\/30287\/revisions"}],"predecessor-version":[{"id":30290,"href":"https:\/\/radiostudiow.com.br\/site\/wp-json\/wp\/v2\/posts\/30287\/revisions\/30290"}],"wp:featuredmedia":[{"embeddable":true,"href":"https:\/\/radiostudiow.com.br\/site\/wp-json\/wp\/v2\/media\/30289"}],"wp:attachment":[{"href":"https:\/\/radiostudiow.com.br\/site\/wp-json\/wp\/v2\/media?parent=30287"}],"wp:term":[{"taxonomy":"category","embeddable":true,"href":"https:\/\/radiostudiow.com.br\/site\/wp-json\/wp\/v2\/categories?post=30287"},{"taxonomy":"post_tag","embeddable":true,"href":"https:\/\/radiostudiow.com.br\/site\/wp-json\/wp\/v2\/tags?post=30287"}],"curies":[{"name":"wp","href":"https:\/\/api.w.org\/{rel}","templated":true}]}}