{"id":30291,"date":"2024-11-14T11:45:43","date_gmt":"2024-11-14T14:45:43","guid":{"rendered":"https:\/\/radiostudiow.com.br\/site\/?p=30291"},"modified":"2025-01-31T14:58:13","modified_gmt":"2025-01-31T17:58:13","slug":"mais-uma-colisao-na-cabeceira-da-ponte-de-acesso-a-sao-mateus-do-sul","status":"publish","type":"post","link":"https:\/\/radiostudiow.com.br\/site\/2024\/11\/14\/mais-uma-colisao-na-cabeceira-da-ponte-de-acesso-a-sao-mateus-do-sul\/","title":{"rendered":"Mais uma colis\u00e3o na cabeceira da ponte de acesso a S\u00e3o Mateus do Sul"},"content":{"rendered":"\n<p>O tr\u00e2nsito na entrada de S\u00e3o Mateus do Sul ficou parado por volta das 17:45 horas da tarde desta quarta-feira, 13 de novembro, devido a uma colis\u00e3o envolvendo uma Van MB Sprinter placas de Conc\u00f3rdia SC.<\/p>\n\n\n\n<figure class=\"wp-block-image size-full\"><img loading=\"lazy\" decoding=\"async\" width=\"300\" height=\"180\" src=\"https:\/\/radiostudiow.com.br\/site\/wp-content\/uploads\/2024\/04\/image-26.png\" alt=\"\" class=\"wp-image-21279\"\/><\/figure>\n\n\n\n<p>Segundo informa\u00e7\u00f5es o motorista perdeu o controle da dire\u00e7\u00e3o vindo a colidir contra a cabeceira, gerando um ferimento no bra\u00e7o. A equipe da Pol\u00edcia Rodovi\u00e1ria Federal foi acionada.<\/p>\n\n\n\n<figure class=\"wp-block-gallery has-nested-images columns-default is-cropped wp-block-gallery-1 is-layout-flex wp-block-gallery-is-layout-flex\">\n<figure class=\"wp-block-image size-large\"><img loading=\"lazy\" decoding=\"async\" width=\"819\" height=\"1024\" data-id=\"30293\" src=\"https:\/\/radiostudiow.com.br\/site\/wp-content\/uploads\/2024\/11\/4-2-819x1024.jpg\" alt=\"\" class=\"wp-image-30293\" srcset=\"https:\/\/radiostudiow.com.br\/site\/wp-content\/uploads\/2024\/11\/4-2-819x1024.jpg 819w, https:\/\/radiostudiow.com.br\/site\/wp-content\/uploads\/2024\/11\/4-2-240x300.jpg 240w, https:\/\/radiostudiow.com.br\/site\/wp-content\/uploads\/2024\/11\/4-2-768x960.jpg 768w, https:\/\/radiostudiow.com.br\/site\/wp-content\/uploads\/2024\/11\/4-2.jpg 1080w\" sizes=\"auto, (max-width: 819px) 100vw, 819px\" \/><\/figure>\n\n\n\n<figure class=\"wp-block-image size-large\"><img loading=\"lazy\" decoding=\"async\" width=\"819\" height=\"1024\" data-id=\"30294\" src=\"https:\/\/radiostudiow.com.br\/site\/wp-content\/uploads\/2024\/11\/4-3-819x1024.jpg\" alt=\"\" class=\"wp-image-30294\" srcset=\"https:\/\/radiostudiow.com.br\/site\/wp-content\/uploads\/2024\/11\/4-3-819x1024.jpg 819w, https:\/\/radiostudiow.com.br\/site\/wp-content\/uploads\/2024\/11\/4-3-240x300.jpg 240w, https:\/\/radiostudiow.com.br\/site\/wp-content\/uploads\/2024\/11\/4-3-768x960.jpg 768w, https:\/\/radiostudiow.com.br\/site\/wp-content\/uploads\/2024\/11\/4-3.jpg 1080w\" sizes=\"auto, (max-width: 819px) 100vw, 819px\" \/><\/figure>\n<\/figure>\n","protected":false},"excerpt":{"rendered":"<p>O tr\u00e2nsito na entrada de S\u00e3o Mateus do Sul ficou parado por volta das 17:45 horas da tarde desta quarta-feira, 13 de novembro, devido a uma colis\u00e3o envolvendo uma Van MB Sprinter placas de Conc\u00f3rdia SC. Segundo informa\u00e7\u00f5es o motorista perdeu o controle da dire\u00e7\u00e3o vindo a colidir contra a cabeceira, gerando um ferimento no [&hellip;]<\/p>\n","protected":false},"author":2,"featured_media":30295,"comment_status":"open","ping_status":"open","sticky":false,"template":"","format":"standard","meta":{"footnotes":""},"categories":[185],"tags":[172],"class_list":["post-30291","post","type-post","status-publish","format-standard","has-post-thumbnail","hentry","category-regional","tag-featured"],"amp_enabled":true,"_links":{"self":[{"href":"https:\/\/radiostudiow.com.br\/site\/wp-json\/wp\/v2\/posts\/30291","targetHints":{"allow":["GET"]}}],"collection":[{"href":"https:\/\/radiostudiow.com.br\/site\/wp-json\/wp\/v2\/posts"}],"about":[{"href":"https:\/\/radiostudiow.com.br\/site\/wp-json\/wp\/v2\/types\/post"}],"author":[{"embeddable":true,"href":"https:\/\/radiostudiow.com.br\/site\/wp-json\/wp\/v2\/users\/2"}],"replies":[{"embeddable":true,"href":"https:\/\/radiostudiow.com.br\/site\/wp-json\/wp\/v2\/comments?post=30291"}],"version-history":[{"count":1,"href":"https:\/\/radiostudiow.com.br\/site\/wp-json\/wp\/v2\/posts\/30291\/revisions"}],"predecessor-version":[{"id":30296,"href":"https:\/\/radiostudiow.com.br\/site\/wp-json\/wp\/v2\/posts\/30291\/revisions\/30296"}],"wp:featuredmedia":[{"embeddable":true,"href":"https:\/\/radiostudiow.com.br\/site\/wp-json\/wp\/v2\/media\/30295"}],"wp:attachment":[{"href":"https:\/\/radiostudiow.com.br\/site\/wp-json\/wp\/v2\/media?parent=30291"}],"wp:term":[{"taxonomy":"category","embeddable":true,"href":"https:\/\/radiostudiow.com.br\/site\/wp-json\/wp\/v2\/categories?post=30291"},{"taxonomy":"post_tag","embeddable":true,"href":"https:\/\/radiostudiow.com.br\/site\/wp-json\/wp\/v2\/tags?post=30291"}],"curies":[{"name":"wp","href":"https:\/\/api.w.org\/{rel}","templated":true}]}}