{"id":30325,"date":"2024-11-14T20:47:13","date_gmt":"2024-11-14T23:47:13","guid":{"rendered":"https:\/\/radiostudiow.com.br\/site\/?p=30325"},"modified":"2025-01-31T14:58:13","modified_gmt":"2025-01-31T17:58:13","slug":"pcpr-e-pmpr-cumprem-mandado-de-prisao-preventiva-em-combate-ao-trafico-de-drogas-em-irati","status":"publish","type":"post","link":"https:\/\/radiostudiow.com.br\/site\/2024\/11\/14\/pcpr-e-pmpr-cumprem-mandado-de-prisao-preventiva-em-combate-ao-trafico-de-drogas-em-irati\/","title":{"rendered":"PCPR e PMPR cumprem mandado de pris\u00e3o preventiva em combate ao tr\u00e1fico de drogas em Irati"},"content":{"rendered":"\n<p>Nesta quarta-feira, 13 de novembro, Policiais Civis da 41\u00aa Delegacia de Pol\u00edcia de Irati juntamente com equipe da Pol\u00edcia Militar efetuaram a pris\u00e3o em flagrante de um homem de 25 anos, investigado pelo crime de tr\u00e1fico de drogas.<\/p>\n\n\n\n<figure class=\"wp-block-image size-full\"><img loading=\"lazy\" decoding=\"async\" width=\"897\" height=\"204\" src=\"https:\/\/radiostudiow.com.br\/site\/wp-content\/uploads\/2024\/04\/image-50.png\" alt=\"\" class=\"wp-image-21368\" srcset=\"https:\/\/radiostudiow.com.br\/site\/wp-content\/uploads\/2024\/04\/image-50.png 897w, https:\/\/radiostudiow.com.br\/site\/wp-content\/uploads\/2024\/04\/image-50-300x68.png 300w, https:\/\/radiostudiow.com.br\/site\/wp-content\/uploads\/2024\/04\/image-50-768x175.png 768w\" sizes=\"auto, (max-width: 897px) 100vw, 897px\" \/><\/figure>\n\n\n\n<p>O indiv\u00edduo tem um hist\u00f3rico envolvimento com drogas e era investigado pela pr\u00e1tica atual do delito desde abril de 2024. Realizadas buscas em julho de 2024, apenas foi encontrada pequena quantidade de maconha em sua resid\u00eancia, o que n\u00e3o se mostrou suficiente para configurar o delito de tr\u00e1fico.<\/p>\n\n\n\n<p>Diante disso, prosseguiram-se as investiga\u00e7\u00f5es contra o indiv\u00edduo, o qual foi abordado em setembro de 2024, em frente a sua resid\u00eancia por equipe da ROTAM quando efetuava a venda de drogas. Na ocasi\u00e3o, por\u00e9m, conseguiu empreender fuga, n\u00e3o tendo sido realizada sua pris\u00e3o em flagrante.<\/p>\n\n\n\n<p>Reunidos os elementos de informa\u00e7\u00e3o existentes, decorrente de Inqu\u00e9rito Policial j\u00e1 existente, com a referida abordagem da Pol\u00edcia Militar, representou-se pela pris\u00e3o preventiva do indiv\u00edduo, bem como por nova busca domiciliar.<\/p>\n\n\n\n<figure class=\"wp-block-image size-full\"><img loading=\"lazy\" decoding=\"async\" width=\"300\" height=\"180\" src=\"https:\/\/radiostudiow.com.br\/site\/wp-content\/uploads\/2024\/04\/SITE-PEQUENO-1.png\" alt=\"\" class=\"wp-image-21868\"\/><\/figure>\n\n\n\n<p>Expedidos os mandados, estes foram cumpridos na presente data, tendo-se realizado a pris\u00e3o preventiva do indiv\u00edduo. Na ocasi\u00e3o, realizadas buscas, foram encontradas por\u00e7\u00f5es de maconha e balan\u00e7a de precis\u00e3o, o que veio a confirmar a pr\u00e1tica do tr\u00e1fico de drogas, levando a sua autua\u00e7\u00e3o em flagrante pelo Delegado de Pol\u00edcia.<\/p>\n\n\n\n<p>O Inqu\u00e9rito Policial se encontra pr\u00f3ximo a sua conclus\u00e3o, considerando-se que realizadas as dilig\u00eancias para imputar o indiv\u00edduo a pr\u00e1tica delitiva apurada. O apenado foi entregue ao Departamento de Pol\u00edcia Penal e se encontra \u00e0 disposi\u00e7\u00e3o da Justi\u00e7a.<\/p>\n","protected":false},"excerpt":{"rendered":"<p>Nesta quarta-feira, 13 de novembro, Policiais Civis da 41\u00aa Delegacia de Pol\u00edcia de Irati juntamente com equipe da Pol\u00edcia Militar efetuaram a pris\u00e3o em flagrante de um homem de 25 anos, investigado pelo crime de tr\u00e1fico de drogas. O indiv\u00edduo tem um hist\u00f3rico envolvimento com drogas e era investigado pela pr\u00e1tica atual do delito desde [&hellip;]<\/p>\n","protected":false},"author":2,"featured_media":30327,"comment_status":"open","ping_status":"open","sticky":false,"template":"","format":"standard","meta":{"footnotes":""},"categories":[2],"tags":[172],"class_list":["post-30325","post","type-post","status-publish","format-standard","has-post-thumbnail","hentry","category-policial","tag-featured"],"amp_enabled":true,"_links":{"self":[{"href":"https:\/\/radiostudiow.com.br\/site\/wp-json\/wp\/v2\/posts\/30325","targetHints":{"allow":["GET"]}}],"collection":[{"href":"https:\/\/radiostudiow.com.br\/site\/wp-json\/wp\/v2\/posts"}],"about":[{"href":"https:\/\/radiostudiow.com.br\/site\/wp-json\/wp\/v2\/types\/post"}],"author":[{"embeddable":true,"href":"https:\/\/radiostudiow.com.br\/site\/wp-json\/wp\/v2\/users\/2"}],"replies":[{"embeddable":true,"href":"https:\/\/radiostudiow.com.br\/site\/wp-json\/wp\/v2\/comments?post=30325"}],"version-history":[{"count":1,"href":"https:\/\/radiostudiow.com.br\/site\/wp-json\/wp\/v2\/posts\/30325\/revisions"}],"predecessor-version":[{"id":30326,"href":"https:\/\/radiostudiow.com.br\/site\/wp-json\/wp\/v2\/posts\/30325\/revisions\/30326"}],"wp:featuredmedia":[{"embeddable":true,"href":"https:\/\/radiostudiow.com.br\/site\/wp-json\/wp\/v2\/media\/30327"}],"wp:attachment":[{"href":"https:\/\/radiostudiow.com.br\/site\/wp-json\/wp\/v2\/media?parent=30325"}],"wp:term":[{"taxonomy":"category","embeddable":true,"href":"https:\/\/radiostudiow.com.br\/site\/wp-json\/wp\/v2\/categories?post=30325"},{"taxonomy":"post_tag","embeddable":true,"href":"https:\/\/radiostudiow.com.br\/site\/wp-json\/wp\/v2\/tags?post=30325"}],"curies":[{"name":"wp","href":"https:\/\/api.w.org\/{rel}","templated":true}]}}