{"id":30329,"date":"2024-11-14T20:48:44","date_gmt":"2024-11-14T23:48:44","guid":{"rendered":"https:\/\/radiostudiow.com.br\/site\/?p=30329"},"modified":"2025-01-31T14:58:13","modified_gmt":"2025-01-31T17:58:13","slug":"motociclista-sem-cnh-foge-de-abordagem-policial-em-uniao-da-vitoria","status":"publish","type":"post","link":"https:\/\/radiostudiow.com.br\/site\/2024\/11\/14\/motociclista-sem-cnh-foge-de-abordagem-policial-em-uniao-da-vitoria\/","title":{"rendered":"Motociclista sem CNH foge de abordagem policial em Uni\u00e3o da Vit\u00f3ria"},"content":{"rendered":"\n<p>A equipe Pol\u00edcia Militar de Uni\u00e3o da Vit\u00f3ria realizava patrulhamento de rotina na Avenida Coronel Amazonas, quando avistou um motociclista em atitude suspeita por volta das 20:48 horas dessa quarta-feira (13).<\/p>\n\n\n\n<p>Ao realizar a abordagem, o condutor da motocicleta Honda\/CG 160, que se aproximava da rotat\u00f3ria da Ponte Jos\u00e9 Richa, desobedeceu \u00e0 ordem de parada e iniciou uma fuga em alta velocidade.<\/p>\n\n\n\n<figure class=\"wp-block-image size-large\"><img decoding=\"async\" src=\"https:\/\/radiostudiow.com.br\/site\/wp-content\/uploads\/2024\/11\/image-24-1024x390.png\" alt=\"\" class=\"wp-image-29793\"\/><figcaption class=\"wp-element-caption\">AFUBRA IRATI: \ud83d\udccd Rua Coronel Emilio Gomes, 399, Centro &#8211; Irati &#8211; PR \ud83d\udcde(42) 3421-1700<br>AFUBRA IMBITUVA: \ud83d\udccd RUA Jacobe Brener, 830 &#8211; Centro, Imbituva &#8211; PR \ud83d\udcde(42) 3436-84003<\/figcaption><\/figure>\n\n\n\n<p>Durante a fuga, o motociclista seguiu pela Ponte Jos\u00e9 Richa, no sentido S\u00e3o Crist\u00f3v\u00e3o, e percorreu a Avenida Paula Freitas, at\u00e9 ser interceptado na Rua Mauro de Oliveira Cavalim, no Bairro S\u00e3o Sebasti\u00e3o. Ap\u00f3s a abordagem, o condutor foi identificado como um adolescente, sem habilita\u00e7\u00e3o para conduzir ve\u00edculos.<\/p>\n\n\n\n<p>Diante da situa\u00e7\u00e3o, o menor foi apreendido e conduzido, juntamente com a motocicleta, at\u00e9 o 27\u00ba Batalh\u00e3o de Pol\u00edcia Militar (BPM) para os procedimentos legais cab\u00edveis.<\/p>\n\n\n\n<p><\/p>\n","protected":false},"excerpt":{"rendered":"<p>A equipe Pol\u00edcia Militar de Uni\u00e3o da Vit\u00f3ria realizava patrulhamento de rotina na Avenida Coronel Amazonas, quando avistou um motociclista em atitude suspeita por volta das 20:48 horas dessa quarta-feira (13). Ao realizar a abordagem, o condutor da motocicleta Honda\/CG 160, que se aproximava da rotat\u00f3ria da Ponte Jos\u00e9 Richa, desobedeceu \u00e0 ordem de parada [&hellip;]<\/p>\n","protected":false},"author":2,"featured_media":29243,"comment_status":"open","ping_status":"open","sticky":false,"template":"","format":"standard","meta":{"footnotes":""},"categories":[2],"tags":[172],"class_list":["post-30329","post","type-post","status-publish","format-standard","has-post-thumbnail","hentry","category-policial","tag-featured"],"amp_enabled":true,"_links":{"self":[{"href":"https:\/\/radiostudiow.com.br\/site\/wp-json\/wp\/v2\/posts\/30329","targetHints":{"allow":["GET"]}}],"collection":[{"href":"https:\/\/radiostudiow.com.br\/site\/wp-json\/wp\/v2\/posts"}],"about":[{"href":"https:\/\/radiostudiow.com.br\/site\/wp-json\/wp\/v2\/types\/post"}],"author":[{"embeddable":true,"href":"https:\/\/radiostudiow.com.br\/site\/wp-json\/wp\/v2\/users\/2"}],"replies":[{"embeddable":true,"href":"https:\/\/radiostudiow.com.br\/site\/wp-json\/wp\/v2\/comments?post=30329"}],"version-history":[{"count":1,"href":"https:\/\/radiostudiow.com.br\/site\/wp-json\/wp\/v2\/posts\/30329\/revisions"}],"predecessor-version":[{"id":30330,"href":"https:\/\/radiostudiow.com.br\/site\/wp-json\/wp\/v2\/posts\/30329\/revisions\/30330"}],"wp:featuredmedia":[{"embeddable":true,"href":"https:\/\/radiostudiow.com.br\/site\/wp-json\/wp\/v2\/media\/29243"}],"wp:attachment":[{"href":"https:\/\/radiostudiow.com.br\/site\/wp-json\/wp\/v2\/media?parent=30329"}],"wp:term":[{"taxonomy":"category","embeddable":true,"href":"https:\/\/radiostudiow.com.br\/site\/wp-json\/wp\/v2\/categories?post=30329"},{"taxonomy":"post_tag","embeddable":true,"href":"https:\/\/radiostudiow.com.br\/site\/wp-json\/wp\/v2\/tags?post=30329"}],"curies":[{"name":"wp","href":"https:\/\/api.w.org\/{rel}","templated":true}]}}