{"id":30331,"date":"2024-11-14T20:50:39","date_gmt":"2024-11-14T23:50:39","guid":{"rendered":"https:\/\/radiostudiow.com.br\/site\/?p=30331"},"modified":"2025-01-31T14:58:13","modified_gmt":"2025-01-31T17:58:13","slug":"homem-e-agredido-com-faca-pela-convivente-em-paula-freitas","status":"publish","type":"post","link":"https:\/\/radiostudiow.com.br\/site\/2024\/11\/14\/homem-e-agredido-com-faca-pela-convivente-em-paula-freitas\/","title":{"rendered":"Homem \u00e9 agredido com faca pela convivente em Paula Freitas"},"content":{"rendered":"\n<p>Um senhor compareceu ao destacamento da Pol\u00edcia Militar de Paula Freitas relatando uma situa\u00e7\u00e3o de les\u00e3o corporal e viol\u00eancia dom\u00e9stica por volta das 13:15 horas dessa quarta-feira (13).<\/p>\n\n\n\n<figure class=\"wp-block-image size-full\"><img loading=\"lazy\" decoding=\"async\" width=\"598\" height=\"204\" src=\"https:\/\/radiostudiow.com.br\/site\/wp-content\/uploads\/2024\/10\/labirati.png\" alt=\"\" class=\"wp-image-28854\" srcset=\"https:\/\/radiostudiow.com.br\/site\/wp-content\/uploads\/2024\/10\/labirati.png 598w, https:\/\/radiostudiow.com.br\/site\/wp-content\/uploads\/2024\/10\/labirati-300x102.png 300w\" sizes=\"auto, (max-width: 598px) 100vw, 598px\" \/><\/figure>\n\n\n\n<p>O solicitante passou a relatar que por volta das 13 horas foi agredido por sua convivente ap\u00f3s uma discuss\u00e3o do casal, dentro de sua resid\u00eancia. A v\u00edtima informou que foi agredido com um tapa no rosto e golpes de faca na m\u00e3o esquerda, causando dois cortes nos dedos.<\/p>\n\n\n\n<p>A v\u00edtima relata que n\u00e3o deseja representa\u00e7\u00e3o contra a autora, apenas deseja registrar boletim afim de se resguardar de poss\u00edveis dissabores futuros.<\/p>\n\n\n\n<p>Diante da situa\u00e7\u00e3o a equipe policial orientou o solicitante quanto aos procedimentos cab\u00edveis.<\/p>\n","protected":false},"excerpt":{"rendered":"<p>Um senhor compareceu ao destacamento da Pol\u00edcia Militar de Paula Freitas relatando uma situa\u00e7\u00e3o de les\u00e3o corporal e viol\u00eancia dom\u00e9stica por volta das 13:15 horas dessa quarta-feira (13). O solicitante passou a relatar que por volta das 13 horas foi agredido por sua convivente ap\u00f3s uma discuss\u00e3o do casal, dentro de sua resid\u00eancia. A v\u00edtima [&hellip;]<\/p>\n","protected":false},"author":2,"featured_media":30334,"comment_status":"open","ping_status":"open","sticky":false,"template":"","format":"standard","meta":{"footnotes":""},"categories":[2],"tags":[172],"class_list":["post-30331","post","type-post","status-publish","format-standard","has-post-thumbnail","hentry","category-policial","tag-featured"],"amp_enabled":true,"_links":{"self":[{"href":"https:\/\/radiostudiow.com.br\/site\/wp-json\/wp\/v2\/posts\/30331","targetHints":{"allow":["GET"]}}],"collection":[{"href":"https:\/\/radiostudiow.com.br\/site\/wp-json\/wp\/v2\/posts"}],"about":[{"href":"https:\/\/radiostudiow.com.br\/site\/wp-json\/wp\/v2\/types\/post"}],"author":[{"embeddable":true,"href":"https:\/\/radiostudiow.com.br\/site\/wp-json\/wp\/v2\/users\/2"}],"replies":[{"embeddable":true,"href":"https:\/\/radiostudiow.com.br\/site\/wp-json\/wp\/v2\/comments?post=30331"}],"version-history":[{"count":2,"href":"https:\/\/radiostudiow.com.br\/site\/wp-json\/wp\/v2\/posts\/30331\/revisions"}],"predecessor-version":[{"id":30335,"href":"https:\/\/radiostudiow.com.br\/site\/wp-json\/wp\/v2\/posts\/30331\/revisions\/30335"}],"wp:featuredmedia":[{"embeddable":true,"href":"https:\/\/radiostudiow.com.br\/site\/wp-json\/wp\/v2\/media\/30334"}],"wp:attachment":[{"href":"https:\/\/radiostudiow.com.br\/site\/wp-json\/wp\/v2\/media?parent=30331"}],"wp:term":[{"taxonomy":"category","embeddable":true,"href":"https:\/\/radiostudiow.com.br\/site\/wp-json\/wp\/v2\/categories?post=30331"},{"taxonomy":"post_tag","embeddable":true,"href":"https:\/\/radiostudiow.com.br\/site\/wp-json\/wp\/v2\/tags?post=30331"}],"curies":[{"name":"wp","href":"https:\/\/api.w.org\/{rel}","templated":true}]}}