{"id":30341,"date":"2024-11-16T10:01:54","date_gmt":"2024-11-16T13:01:54","guid":{"rendered":"https:\/\/radiostudiow.com.br\/site\/?p=30341"},"modified":"2025-01-31T14:58:13","modified_gmt":"2025-01-31T17:58:13","slug":"acao-conjunta-resulta-na-apreensao-de-armas-de-fogo-e-drogas","status":"publish","type":"post","link":"https:\/\/radiostudiow.com.br\/site\/2024\/11\/16\/acao-conjunta-resulta-na-apreensao-de-armas-de-fogo-e-drogas\/","title":{"rendered":"A\u00e7\u00e3o conjunta resulta na apreens\u00e3o de armas de fogo e drogas"},"content":{"rendered":"\n<p>A\u00e7\u00e3o conjunta entre a 2\u00aa Companhia do 3\u00b0 Batalh\u00e3o de Pol\u00edcia Militar (BPM) e a Pol\u00edcia Civil de Santa Catarina (PCSC) resultou na apreens\u00e3o de duas armas de fogo, muni\u00e7\u00f5es, maconha e outros objetos, em Porto Uni\u00e3o por volta das 9 horas da manh\u00e3 desta quinta-feira (14).<\/p>\n\n\n\n<figure class=\"wp-block-image size-full\"><img loading=\"lazy\" decoding=\"async\" width=\"897\" height=\"204\" src=\"https:\/\/radiostudiow.com.br\/site\/wp-content\/uploads\/2024\/11\/image-49.png\" alt=\"\" class=\"wp-image-30017\" srcset=\"https:\/\/radiostudiow.com.br\/site\/wp-content\/uploads\/2024\/11\/image-49.png 897w, https:\/\/radiostudiow.com.br\/site\/wp-content\/uploads\/2024\/11\/image-49-300x68.png 300w, https:\/\/radiostudiow.com.br\/site\/wp-content\/uploads\/2024\/11\/image-49-768x175.png 768w\" sizes=\"auto, (max-width: 897px) 100vw, 897px\" \/><\/figure>\n\n\n\n<p>Durante cumprimento de mandado de busca no bairro Vice-King, em apoio \u00e0 Pol\u00edcia Civil, os policiais localizaram, em uma resid\u00eancia, um rev\u00f3lver calibre 38, municiado com cinco muni\u00e7\u00f5es intactas, e um rev\u00f3lver calibre 32, sem muni\u00e7\u00f5es, ambos sem registro, sendo tamb\u00e9m localizada uma por\u00e7\u00e3o de maconha, um punhal e dois aparelhos celulares.<\/p>\n\n\n\n<p>Diante da situa\u00e7\u00e3o, o propriet\u00e1rio dos objetos recebeu voz de pris\u00e3o e foi encaminhado \u00e0 delegacia de Pol\u00edcia Civil para dar continuidade aos procedimentos cab\u00edveis.<a href=\"mailto:?subject=A%C3%A7%C3%A3o%20conjunta%20resulta%20na%20apreens%C3%A3o%20de%20armas%20de%20fogo%20e%20drogas&amp;body=https:\/\/www.vvale.com.br\/seguranca\/acao-conjunta-resulta-na-apreensao-de-armas-de-fogo-e-drogas\/\" target=\"_blank\" rel=\"noreferrer noopener\"><\/a><\/p>\n","protected":false},"excerpt":{"rendered":"<p>A\u00e7\u00e3o conjunta entre a 2\u00aa Companhia do 3\u00b0 Batalh\u00e3o de Pol\u00edcia Militar (BPM) e a Pol\u00edcia Civil de Santa Catarina (PCSC) resultou na apreens\u00e3o de duas armas de fogo, muni\u00e7\u00f5es, maconha e outros objetos, em Porto Uni\u00e3o por volta das 9 horas da manh\u00e3 desta quinta-feira (14). Durante cumprimento de mandado de busca no bairro [&hellip;]<\/p>\n","protected":false},"author":2,"featured_media":30342,"comment_status":"open","ping_status":"open","sticky":false,"template":"","format":"standard","meta":{"footnotes":""},"categories":[2],"tags":[172],"class_list":["post-30341","post","type-post","status-publish","format-standard","has-post-thumbnail","hentry","category-policial","tag-featured"],"amp_enabled":true,"_links":{"self":[{"href":"https:\/\/radiostudiow.com.br\/site\/wp-json\/wp\/v2\/posts\/30341","targetHints":{"allow":["GET"]}}],"collection":[{"href":"https:\/\/radiostudiow.com.br\/site\/wp-json\/wp\/v2\/posts"}],"about":[{"href":"https:\/\/radiostudiow.com.br\/site\/wp-json\/wp\/v2\/types\/post"}],"author":[{"embeddable":true,"href":"https:\/\/radiostudiow.com.br\/site\/wp-json\/wp\/v2\/users\/2"}],"replies":[{"embeddable":true,"href":"https:\/\/radiostudiow.com.br\/site\/wp-json\/wp\/v2\/comments?post=30341"}],"version-history":[{"count":1,"href":"https:\/\/radiostudiow.com.br\/site\/wp-json\/wp\/v2\/posts\/30341\/revisions"}],"predecessor-version":[{"id":30343,"href":"https:\/\/radiostudiow.com.br\/site\/wp-json\/wp\/v2\/posts\/30341\/revisions\/30343"}],"wp:featuredmedia":[{"embeddable":true,"href":"https:\/\/radiostudiow.com.br\/site\/wp-json\/wp\/v2\/media\/30342"}],"wp:attachment":[{"href":"https:\/\/radiostudiow.com.br\/site\/wp-json\/wp\/v2\/media?parent=30341"}],"wp:term":[{"taxonomy":"category","embeddable":true,"href":"https:\/\/radiostudiow.com.br\/site\/wp-json\/wp\/v2\/categories?post=30341"},{"taxonomy":"post_tag","embeddable":true,"href":"https:\/\/radiostudiow.com.br\/site\/wp-json\/wp\/v2\/tags?post=30341"}],"curies":[{"name":"wp","href":"https:\/\/api.w.org\/{rel}","templated":true}]}}