{"id":30344,"date":"2024-11-16T10:39:47","date_gmt":"2024-11-16T13:39:47","guid":{"rendered":"https:\/\/radiostudiow.com.br\/site\/?p=30344"},"modified":"2025-01-31T14:58:13","modified_gmt":"2025-01-31T17:58:13","slug":"jovem-cai-de-caiaque-fica-a-deriva-e-bombeiros-fazem-o-resgate","status":"publish","type":"post","link":"https:\/\/radiostudiow.com.br\/site\/2024\/11\/16\/jovem-cai-de-caiaque-fica-a-deriva-e-bombeiros-fazem-o-resgate\/","title":{"rendered":"Jovem cai de caiaque fica a deriva no rio Igua\u00e7u e Bombeiros de Porto Uni\u00e3o fazem o resgate"},"content":{"rendered":"\n<p>Por volta das 18h desta sexta-feira, 15, ap\u00f3s solicita\u00e7\u00e3o via telefone, a equipe do Corpo de Bombeiros de Porto Uni\u00e3o foi acionada para resgatar um indiv\u00edduo que havia ca\u00eddo de seu caiaque durante a descida no rio Igua\u00e7u, no balne\u00e1rio localizado no Bairro Santa Rosa.<\/p>\n\n\n\n<p>A v\u00edtima relatou que o caiaque virou devido \u00e0 correnteza, sendo arrastado at\u00e9 atingir um barranco pr\u00f3ximo \u00e0 margem.<\/p>\n\n\n\n<figure class=\"wp-block-image size-full\"><img loading=\"lazy\" decoding=\"async\" width=\"598\" height=\"204\" src=\"https:\/\/radiostudiow.com.br\/site\/wp-content\/uploads\/2024\/10\/labirati.png\" alt=\"\" class=\"wp-image-28854\" srcset=\"https:\/\/radiostudiow.com.br\/site\/wp-content\/uploads\/2024\/10\/labirati.png 598w, https:\/\/radiostudiow.com.br\/site\/wp-content\/uploads\/2024\/10\/labirati-300x102.png 300w\" sizes=\"auto, (max-width: 598px) 100vw, 598px\" \/><\/figure>\n\n\n\n<p>A guarni\u00e7\u00e3o, com o aux\u00edlio de uma moto aqu\u00e1tica, iniciou as buscas e localizou o indiv\u00edduo em seguran\u00e7a na margem do rio, embora visivelmente abalado.<\/p>\n\n\n\n<p>Em seguida, a v\u00edtima e o caiaque foram rebocados at\u00e9 um ponto seguro, na Rua Francisco Ot\u00e1vio Pimp\u00e3o, com o aux\u00edlio de uma embarca\u00e7\u00e3o civil.<\/p>\n\n\n\n<p>O resgate foi realizado sem maiores complica\u00e7\u00f5es, garantindo a integridade f\u00edsica da v\u00edtima.<\/p>\n\n\n\n<p>Ap\u00f3s a abordagem, o indiv\u00edduo n\u00e3o apresentou ferimentos. A v\u00edtima foi deixada aos cuidados de seus pais, e o incidente foi resolvido de forma satisfat\u00f3ria.<\/p>\n\n\n\n<figure class=\"wp-block-image size-full\"><img loading=\"lazy\" decoding=\"async\" width=\"720\" height=\"405\" src=\"https:\/\/radiostudiow.com.br\/site\/wp-content\/uploads\/2024\/11\/image-73.png\" alt=\"\" class=\"wp-image-30347\" srcset=\"https:\/\/radiostudiow.com.br\/site\/wp-content\/uploads\/2024\/11\/image-73.png 720w, https:\/\/radiostudiow.com.br\/site\/wp-content\/uploads\/2024\/11\/image-73-300x169.png 300w\" sizes=\"auto, (max-width: 720px) 100vw, 720px\" \/><\/figure>\n","protected":false},"excerpt":{"rendered":"<p>Por volta das 18h desta sexta-feira, 15, ap\u00f3s solicita\u00e7\u00e3o via telefone, a equipe do Corpo de Bombeiros de Porto Uni\u00e3o foi acionada para resgatar um indiv\u00edduo que havia ca\u00eddo de seu caiaque durante a descida no rio Igua\u00e7u, no balne\u00e1rio localizado no Bairro Santa Rosa. A v\u00edtima relatou que o caiaque virou devido \u00e0 correnteza, [&hellip;]<\/p>\n","protected":false},"author":2,"featured_media":30345,"comment_status":"open","ping_status":"open","sticky":false,"template":"","format":"standard","meta":{"footnotes":""},"categories":[185],"tags":[172],"class_list":["post-30344","post","type-post","status-publish","format-standard","has-post-thumbnail","hentry","category-regional","tag-featured"],"amp_enabled":true,"_links":{"self":[{"href":"https:\/\/radiostudiow.com.br\/site\/wp-json\/wp\/v2\/posts\/30344","targetHints":{"allow":["GET"]}}],"collection":[{"href":"https:\/\/radiostudiow.com.br\/site\/wp-json\/wp\/v2\/posts"}],"about":[{"href":"https:\/\/radiostudiow.com.br\/site\/wp-json\/wp\/v2\/types\/post"}],"author":[{"embeddable":true,"href":"https:\/\/radiostudiow.com.br\/site\/wp-json\/wp\/v2\/users\/2"}],"replies":[{"embeddable":true,"href":"https:\/\/radiostudiow.com.br\/site\/wp-json\/wp\/v2\/comments?post=30344"}],"version-history":[{"count":2,"href":"https:\/\/radiostudiow.com.br\/site\/wp-json\/wp\/v2\/posts\/30344\/revisions"}],"predecessor-version":[{"id":30350,"href":"https:\/\/radiostudiow.com.br\/site\/wp-json\/wp\/v2\/posts\/30344\/revisions\/30350"}],"wp:featuredmedia":[{"embeddable":true,"href":"https:\/\/radiostudiow.com.br\/site\/wp-json\/wp\/v2\/media\/30345"}],"wp:attachment":[{"href":"https:\/\/radiostudiow.com.br\/site\/wp-json\/wp\/v2\/media?parent=30344"}],"wp:term":[{"taxonomy":"category","embeddable":true,"href":"https:\/\/radiostudiow.com.br\/site\/wp-json\/wp\/v2\/categories?post=30344"},{"taxonomy":"post_tag","embeddable":true,"href":"https:\/\/radiostudiow.com.br\/site\/wp-json\/wp\/v2\/tags?post=30344"}],"curies":[{"name":"wp","href":"https:\/\/api.w.org\/{rel}","templated":true}]}}