{"id":30351,"date":"2024-11-16T11:04:59","date_gmt":"2024-11-16T14:04:59","guid":{"rendered":"https:\/\/radiostudiow.com.br\/site\/?p=30351"},"modified":"2025-01-31T14:58:13","modified_gmt":"2025-01-31T17:58:13","slug":"homem-e-preso-por-embriaguez-apos-colidir-caminhonete-em-muro-na-cidade-de-mallet","status":"publish","type":"post","link":"https:\/\/radiostudiow.com.br\/site\/2024\/11\/16\/homem-e-preso-por-embriaguez-apos-colidir-caminhonete-em-muro-na-cidade-de-mallet\/","title":{"rendered":"Homem \u00e9 preso por embriaguez ap\u00f3s colidir caminhonete em muro na cidade de Mallet"},"content":{"rendered":"\n<p>Um homem foi preso no final da tarde desta sexta-feira (15), por volta das 16h30, ap\u00f3s colidir uma caminhonete contra o muro de uma resid\u00eancia na Avenida Jo\u00e3o Pessoa, em Mallet.<\/p>\n\n\n\n<p>De acordo com a Pol\u00edcia Militar, o condutor apresentava sinais de embriaguez e foi submetido ao teste do etil\u00f4metro, que confirmou a ingest\u00e3o de \u00e1lcool com um resultado de 1,19 mg\/l.<\/p>\n\n\n\n<figure class=\"wp-block-image size-large\"><img decoding=\"async\" src=\"https:\/\/radiostudiow.com.br\/site\/wp-content\/uploads\/2024\/10\/zm_0002_24AG_anuncio_261x83mm-1024x359.png\" alt=\"\" class=\"wp-image-28224\"\/><\/figure>\n\n\n\n<p>A equipe policial da 2\u00aa Companhia do 3\u00ba Pelot\u00e3o Cabo Abr\u00e3o Kanclarovicz foi acionada por um morador que relatou que uma caminhonete havia invadido o p\u00e1tio de sua casa, localizada nas proximidades do cemit\u00e9rio da Col\u00f4nia 4.<\/p>\n\n\n\n<p>Segundo testemunhas, o motorista, ao tentar subir a rua que d\u00e1 acesso ao Bairro Jardim Em\u00edlia, perdeu o controle do ve\u00edculo, que voltou de r\u00e9 e atingiu o muro da resid\u00eancia.<\/p>\n\n\n\n<div class=\"wp-block-media-text is-stacked-on-mobile\"><figure class=\"wp-block-media-text__media\"><img decoding=\"async\" src=\"https:\/\/radiostudiow.com.br\/site\/wp-content\/uploads\/2024\/11\/image-63-1024x1024.png\" alt=\"\" class=\"wp-image-30211 size-full\"\/><\/figure><div class=\"wp-block-media-text__content\">\n<p>AFUBRA IRATI: \ud83d\udcde(42) 3421-1700<br>\ud83d\udccd Rua Coronel Emilio Gomes, 399, Centro &#8211; Irati &#8211; PR<\/p>\n\n\n\n<p>AFUBRA IMBITUVA: \ud83d\udcde(42) 3436-84003<br>\ud83d\udccd RUA Jacobe Brener, 830 &#8211; Centro, Imbituva &#8211; PR<\/p>\n\n\n\n<p><a href=\"https:\/\/www.lojasafubra.com.br\">https:\/\/www.lojasafubra.com.br<\/a><\/p>\n<\/div><\/div>\n\n\n\n<p>No local, os policiais identificaram o condutor e ofereceram o teste de alcoolemia, que foi prontamente aceito e confirmou a embriaguez. Diante dos fatos, o homem foi preso e encaminhado \u00e0 4\u00aa Subdivis\u00e3o Policial de Uni\u00e3o da Vit\u00f3ria para as provid\u00eancias cab\u00edveis.<\/p>\n\n\n\n<p>Ainda segundo testemunhas, o motorista seria pai de um vereador do munic\u00edpio, fato que, at\u00e9 o momento, n\u00e3o foi confirmado oficialmente pelas autoridades. Ningu\u00e9m ficou ferido no incidente.<\/p>\n\n\n\n<figure class=\"wp-block-image size-large\"><img loading=\"lazy\" decoding=\"async\" width=\"1024\" height=\"768\" src=\"https:\/\/radiostudiow.com.br\/site\/wp-content\/uploads\/2024\/11\/image-75-1024x768.png\" alt=\"\" class=\"wp-image-30353\" srcset=\"https:\/\/radiostudiow.com.br\/site\/wp-content\/uploads\/2024\/11\/image-75-1024x768.png 1024w, https:\/\/radiostudiow.com.br\/site\/wp-content\/uploads\/2024\/11\/image-75-300x225.png 300w, https:\/\/radiostudiow.com.br\/site\/wp-content\/uploads\/2024\/11\/image-75-768x576.png 768w, https:\/\/radiostudiow.com.br\/site\/wp-content\/uploads\/2024\/11\/image-75-1536x1152.png 1536w, https:\/\/radiostudiow.com.br\/site\/wp-content\/uploads\/2024\/11\/image-75.png 1600w\" sizes=\"auto, (max-width: 1024px) 100vw, 1024px\" \/><\/figure>\n\n\n\n<figure class=\"wp-block-image size-large\"><img loading=\"lazy\" decoding=\"async\" width=\"1024\" height=\"768\" src=\"https:\/\/radiostudiow.com.br\/site\/wp-content\/uploads\/2024\/11\/image-76-1024x768.png\" alt=\"\" class=\"wp-image-30354\" srcset=\"https:\/\/radiostudiow.com.br\/site\/wp-content\/uploads\/2024\/11\/image-76-1024x768.png 1024w, https:\/\/radiostudiow.com.br\/site\/wp-content\/uploads\/2024\/11\/image-76-300x225.png 300w, https:\/\/radiostudiow.com.br\/site\/wp-content\/uploads\/2024\/11\/image-76-768x576.png 768w, https:\/\/radiostudiow.com.br\/site\/wp-content\/uploads\/2024\/11\/image-76-1536x1152.png 1536w, https:\/\/radiostudiow.com.br\/site\/wp-content\/uploads\/2024\/11\/image-76.png 1600w\" sizes=\"auto, (max-width: 1024px) 100vw, 1024px\" \/><\/figure>\n\n\n\n<figure class=\"wp-block-image size-large\"><img loading=\"lazy\" decoding=\"async\" width=\"1024\" height=\"768\" src=\"https:\/\/radiostudiow.com.br\/site\/wp-content\/uploads\/2024\/11\/image-77-1024x768.png\" alt=\"\" class=\"wp-image-30355\" srcset=\"https:\/\/radiostudiow.com.br\/site\/wp-content\/uploads\/2024\/11\/image-77-1024x768.png 1024w, https:\/\/radiostudiow.com.br\/site\/wp-content\/uploads\/2024\/11\/image-77-300x225.png 300w, https:\/\/radiostudiow.com.br\/site\/wp-content\/uploads\/2024\/11\/image-77-768x576.png 768w, https:\/\/radiostudiow.com.br\/site\/wp-content\/uploads\/2024\/11\/image-77-1536x1152.png 1536w, https:\/\/radiostudiow.com.br\/site\/wp-content\/uploads\/2024\/11\/image-77.png 1600w\" sizes=\"auto, (max-width: 1024px) 100vw, 1024px\" \/><\/figure>\n","protected":false},"excerpt":{"rendered":"<p>Um homem foi preso no final da tarde desta sexta-feira (15), por volta das 16h30, ap\u00f3s colidir uma caminhonete contra o muro de uma resid\u00eancia na Avenida Jo\u00e3o Pessoa, em Mallet. De acordo com a Pol\u00edcia Militar, o condutor apresentava sinais de embriaguez e foi submetido ao teste do etil\u00f4metro, que confirmou a ingest\u00e3o de [&hellip;]<\/p>\n","protected":false},"author":2,"featured_media":30352,"comment_status":"open","ping_status":"open","sticky":false,"template":"","format":"standard","meta":{"footnotes":""},"categories":[2],"tags":[172],"class_list":["post-30351","post","type-post","status-publish","format-standard","has-post-thumbnail","hentry","category-policial","tag-featured"],"amp_enabled":true,"_links":{"self":[{"href":"https:\/\/radiostudiow.com.br\/site\/wp-json\/wp\/v2\/posts\/30351","targetHints":{"allow":["GET"]}}],"collection":[{"href":"https:\/\/radiostudiow.com.br\/site\/wp-json\/wp\/v2\/posts"}],"about":[{"href":"https:\/\/radiostudiow.com.br\/site\/wp-json\/wp\/v2\/types\/post"}],"author":[{"embeddable":true,"href":"https:\/\/radiostudiow.com.br\/site\/wp-json\/wp\/v2\/users\/2"}],"replies":[{"embeddable":true,"href":"https:\/\/radiostudiow.com.br\/site\/wp-json\/wp\/v2\/comments?post=30351"}],"version-history":[{"count":1,"href":"https:\/\/radiostudiow.com.br\/site\/wp-json\/wp\/v2\/posts\/30351\/revisions"}],"predecessor-version":[{"id":30356,"href":"https:\/\/radiostudiow.com.br\/site\/wp-json\/wp\/v2\/posts\/30351\/revisions\/30356"}],"wp:featuredmedia":[{"embeddable":true,"href":"https:\/\/radiostudiow.com.br\/site\/wp-json\/wp\/v2\/media\/30352"}],"wp:attachment":[{"href":"https:\/\/radiostudiow.com.br\/site\/wp-json\/wp\/v2\/media?parent=30351"}],"wp:term":[{"taxonomy":"category","embeddable":true,"href":"https:\/\/radiostudiow.com.br\/site\/wp-json\/wp\/v2\/categories?post=30351"},{"taxonomy":"post_tag","embeddable":true,"href":"https:\/\/radiostudiow.com.br\/site\/wp-json\/wp\/v2\/tags?post=30351"}],"curies":[{"name":"wp","href":"https:\/\/api.w.org\/{rel}","templated":true}]}}