{"id":30368,"date":"2024-11-16T12:46:24","date_gmt":"2024-11-16T15:46:24","guid":{"rendered":"https:\/\/radiostudiow.com.br\/site\/?p=30368"},"modified":"2025-01-31T14:58:13","modified_gmt":"2025-01-31T17:58:13","slug":"passeio-ciclistico-da-primavera-reune-ciclistas-em-mallet","status":"publish","type":"post","link":"https:\/\/radiostudiow.com.br\/site\/2024\/11\/16\/passeio-ciclistico-da-primavera-reune-ciclistas-em-mallet\/","title":{"rendered":"Passeio Cicl\u00edstico da Primavera re\u00fane ciclistas em Mallet"},"content":{"rendered":"\n<p>Na tarde desta sexta-feira (15), feriado da Proclama\u00e7\u00e3o da Rep\u00fablica, a Secretaria de Esportes de Mallet promoveu o <em>Passeio Cicl\u00edstico da Primavera<\/em>, reunindo participantes no Parque dos Imigrantes.<\/p>\n\n\n\n<p>A concentra\u00e7\u00e3o come\u00e7ou \u00e0s 17h, com as inscri\u00e7\u00f5es realizadas no local. Apesar do n\u00famero reduzido de participantes \u2014 apenas 11 ciclistas inscritos \u2014 o evento foi marcado por muita anima\u00e7\u00e3o e esp\u00edrito esportivo.<\/p>\n\n\n\n<figure class=\"wp-block-image size-full\"><img loading=\"lazy\" decoding=\"async\" width=\"897\" height=\"204\" src=\"https:\/\/radiostudiow.com.br\/site\/wp-content\/uploads\/2024\/04\/image-50.png\" alt=\"\" class=\"wp-image-21368\" srcset=\"https:\/\/radiostudiow.com.br\/site\/wp-content\/uploads\/2024\/04\/image-50.png 897w, https:\/\/radiostudiow.com.br\/site\/wp-content\/uploads\/2024\/04\/image-50-300x68.png 300w, https:\/\/radiostudiow.com.br\/site\/wp-content\/uploads\/2024\/04\/image-50-768x175.png 768w\" sizes=\"auto, (max-width: 897px) 100vw, 897px\" \/><\/figure>\n\n\n\n<p>O secret\u00e1rio de Esportes, Valdir Wladyka, destacou a import\u00e2ncia de realizar a atividade mesmo com um p\u00fablico menor. <strong><em>&#8220;A alegria de ver ciclistas vindos do interior, como da Col\u00f4nia Santa Cruz, a 12 km da cidade, e da Col\u00f4nia 4, que participaram especialmente do passeio, nos motivou muito&#8221;, afirmou Wladyka.<\/em><\/strong><\/p>\n\n\n\n<h3 class=\"wp-block-heading\">Trajeto<\/h3>\n\n\n\n<p>O passeio seguiu um percurso abrangente pela cidade, come\u00e7ando no Parque dos Imigrantes, passando pela ciclovia e pela rotat\u00f3ria da Avenida Jo\u00e3o Pessoa. O trajeto incluiu pontos como o Hospital S\u00e3o Pedro, o Col\u00e9gio Dario Veloso, a Igreja Ucraniana Sagrado Cora\u00e7\u00e3o de Jesus, e ruas centrais como a XV de Novembro e Maria Rodrigues, at\u00e9 retornar ao parque pelo Portal do Parque dos Imigrantes.<\/p>\n\n\n\n<h3 class=\"wp-block-heading\">Premia\u00e7\u00f5es<\/h3>\n\n\n\n<p>No final do passeio, os ciclistas foram premiados em diferentes categorias, como a bicicleta mais enfeitada e a mais antiga, al\u00e9m do participante mais novo e o mais experiente.<\/p>\n\n\n\n<figure class=\"wp-block-gallery has-nested-images columns-default is-cropped wp-block-gallery-1 is-layout-flex wp-block-gallery-is-layout-flex\">\n<figure class=\"wp-block-image size-large\"><img loading=\"lazy\" decoding=\"async\" width=\"1024\" height=\"768\" data-id=\"30363\" src=\"https:\/\/radiostudiow.com.br\/site\/wp-content\/uploads\/2024\/11\/3eece1a8-3ae3-4d33-84fe-3a476b012aa9-1024x768.jpeg\" alt=\"\" class=\"wp-image-30363\" srcset=\"https:\/\/radiostudiow.com.br\/site\/wp-content\/uploads\/2024\/11\/3eece1a8-3ae3-4d33-84fe-3a476b012aa9-1024x768.jpeg 1024w, https:\/\/radiostudiow.com.br\/site\/wp-content\/uploads\/2024\/11\/3eece1a8-3ae3-4d33-84fe-3a476b012aa9-300x225.jpeg 300w, https:\/\/radiostudiow.com.br\/site\/wp-content\/uploads\/2024\/11\/3eece1a8-3ae3-4d33-84fe-3a476b012aa9-768x576.jpeg 768w, https:\/\/radiostudiow.com.br\/site\/wp-content\/uploads\/2024\/11\/3eece1a8-3ae3-4d33-84fe-3a476b012aa9-1536x1152.jpeg 1536w, https:\/\/radiostudiow.com.br\/site\/wp-content\/uploads\/2024\/11\/3eece1a8-3ae3-4d33-84fe-3a476b012aa9.jpeg 1600w\" sizes=\"auto, (max-width: 1024px) 100vw, 1024px\" \/><\/figure>\n\n\n\n<figure class=\"wp-block-image size-large\"><img loading=\"lazy\" decoding=\"async\" width=\"768\" height=\"1024\" data-id=\"30364\" src=\"https:\/\/radiostudiow.com.br\/site\/wp-content\/uploads\/2024\/11\/a50c5b96-2de3-4e71-9e56-0a1f249e3716-768x1024.jpeg\" alt=\"\" class=\"wp-image-30364\" srcset=\"https:\/\/radiostudiow.com.br\/site\/wp-content\/uploads\/2024\/11\/a50c5b96-2de3-4e71-9e56-0a1f249e3716-768x1024.jpeg 768w, https:\/\/radiostudiow.com.br\/site\/wp-content\/uploads\/2024\/11\/a50c5b96-2de3-4e71-9e56-0a1f249e3716-225x300.jpeg 225w, https:\/\/radiostudiow.com.br\/site\/wp-content\/uploads\/2024\/11\/a50c5b96-2de3-4e71-9e56-0a1f249e3716-1152x1536.jpeg 1152w, https:\/\/radiostudiow.com.br\/site\/wp-content\/uploads\/2024\/11\/a50c5b96-2de3-4e71-9e56-0a1f249e3716.jpeg 1200w\" sizes=\"auto, (max-width: 768px) 100vw, 768px\" \/><\/figure>\n<\/figure>\n\n\n\n<figure class=\"wp-block-gallery has-nested-images columns-default is-cropped wp-block-gallery-2 is-layout-flex wp-block-gallery-is-layout-flex\">\n<figure class=\"wp-block-image size-large\"><img loading=\"lazy\" decoding=\"async\" width=\"768\" height=\"1024\" data-id=\"30365\" src=\"https:\/\/radiostudiow.com.br\/site\/wp-content\/uploads\/2024\/11\/a06d0477-ccfb-4a96-9b66-5d9b18dbb0b9-768x1024.jpeg\" alt=\"\" class=\"wp-image-30365\" srcset=\"https:\/\/radiostudiow.com.br\/site\/wp-content\/uploads\/2024\/11\/a06d0477-ccfb-4a96-9b66-5d9b18dbb0b9-768x1024.jpeg 768w, https:\/\/radiostudiow.com.br\/site\/wp-content\/uploads\/2024\/11\/a06d0477-ccfb-4a96-9b66-5d9b18dbb0b9-225x300.jpeg 225w, https:\/\/radiostudiow.com.br\/site\/wp-content\/uploads\/2024\/11\/a06d0477-ccfb-4a96-9b66-5d9b18dbb0b9-1152x1536.jpeg 1152w, https:\/\/radiostudiow.com.br\/site\/wp-content\/uploads\/2024\/11\/a06d0477-ccfb-4a96-9b66-5d9b18dbb0b9.jpeg 1200w\" sizes=\"auto, (max-width: 768px) 100vw, 768px\" \/><\/figure>\n\n\n\n<figure class=\"wp-block-image size-large\"><img loading=\"lazy\" decoding=\"async\" width=\"768\" height=\"1024\" data-id=\"30366\" src=\"https:\/\/radiostudiow.com.br\/site\/wp-content\/uploads\/2024\/11\/1a24d529-30a0-44e2-b69f-da91536f3472-768x1024.jpeg\" alt=\"\" class=\"wp-image-30366\" srcset=\"https:\/\/radiostudiow.com.br\/site\/wp-content\/uploads\/2024\/11\/1a24d529-30a0-44e2-b69f-da91536f3472-768x1024.jpeg 768w, https:\/\/radiostudiow.com.br\/site\/wp-content\/uploads\/2024\/11\/1a24d529-30a0-44e2-b69f-da91536f3472-225x300.jpeg 225w, https:\/\/radiostudiow.com.br\/site\/wp-content\/uploads\/2024\/11\/1a24d529-30a0-44e2-b69f-da91536f3472-1152x1536.jpeg 1152w, https:\/\/radiostudiow.com.br\/site\/wp-content\/uploads\/2024\/11\/1a24d529-30a0-44e2-b69f-da91536f3472.jpeg 1200w\" sizes=\"auto, (max-width: 768px) 100vw, 768px\" \/><\/figure>\n<\/figure>\n\n\n\n<figure class=\"wp-block-image size-full\"><img loading=\"lazy\" decoding=\"async\" width=\"900\" height=\"408\" src=\"https:\/\/radiostudiow.com.br\/site\/wp-content\/uploads\/2024\/09\/image-64-1.png\" alt=\"\" class=\"wp-image-28207\" srcset=\"https:\/\/radiostudiow.com.br\/site\/wp-content\/uploads\/2024\/09\/image-64-1.png 900w, https:\/\/radiostudiow.com.br\/site\/wp-content\/uploads\/2024\/09\/image-64-1-300x136.png 300w, https:\/\/radiostudiow.com.br\/site\/wp-content\/uploads\/2024\/09\/image-64-1-768x348.png 768w\" sizes=\"auto, (max-width: 900px) 100vw, 900px\" \/><\/figure>\n\n\n\n<h3 class=\"wp-block-heading\">Pr\u00f3ximos eventos<\/h3>\n\n\n\n<p>A Secretaria de Esportes de Mallet j\u00e1 anunciou novas atividades para o fim do ano:<\/p>\n\n\n\n<ul class=\"wp-block-list\">\n<li><em>5\u00aa C\u00e3ominhada<\/em> \u2013 6 de dezembro, no Parque dos Imigrantes.<\/li>\n\n\n\n<li><em>4\u00aa Etapa do GP de Carrinho de Rolim\u00e3<\/em> \u2013 15 de dezembro, na Avenida Jo\u00e3o Pessoa.<\/li>\n<\/ul>\n\n\n\n<p>A comunidade est\u00e1 convidada a participar e celebrar esses momentos de lazer e integra\u00e7\u00e3o.<\/p>\n\n\n\n<figure class=\"wp-block-gallery has-nested-images columns-default is-cropped wp-block-gallery-3 is-layout-flex wp-block-gallery-is-layout-flex\">\n<figure class=\"wp-block-image size-large\"><img loading=\"lazy\" decoding=\"async\" width=\"731\" height=\"1024\" data-id=\"30369\" src=\"https:\/\/radiostudiow.com.br\/site\/wp-content\/uploads\/2024\/11\/10-731x1024.png\" alt=\"\" class=\"wp-image-30369\" srcset=\"https:\/\/radiostudiow.com.br\/site\/wp-content\/uploads\/2024\/11\/10-731x1024.png 731w, https:\/\/radiostudiow.com.br\/site\/wp-content\/uploads\/2024\/11\/10-214x300.png 214w, https:\/\/radiostudiow.com.br\/site\/wp-content\/uploads\/2024\/11\/10-768x1076.png 768w, https:\/\/radiostudiow.com.br\/site\/wp-content\/uploads\/2024\/11\/10.png 914w\" sizes=\"auto, (max-width: 731px) 100vw, 731px\" \/><\/figure>\n\n\n\n<figure class=\"wp-block-image size-large\"><img loading=\"lazy\" decoding=\"async\" width=\"731\" height=\"1024\" data-id=\"30370\" src=\"https:\/\/radiostudiow.com.br\/site\/wp-content\/uploads\/2024\/11\/15-731x1024.png\" alt=\"\" class=\"wp-image-30370\" srcset=\"https:\/\/radiostudiow.com.br\/site\/wp-content\/uploads\/2024\/11\/15-731x1024.png 731w, https:\/\/radiostudiow.com.br\/site\/wp-content\/uploads\/2024\/11\/15-214x300.png 214w, https:\/\/radiostudiow.com.br\/site\/wp-content\/uploads\/2024\/11\/15-768x1075.png 768w, https:\/\/radiostudiow.com.br\/site\/wp-content\/uploads\/2024\/11\/15-1097x1536.png 1097w, https:\/\/radiostudiow.com.br\/site\/wp-content\/uploads\/2024\/11\/15-1463x2048.png 1463w\" sizes=\"auto, (max-width: 731px) 100vw, 731px\" \/><\/figure>\n<\/figure>\n","protected":false},"excerpt":{"rendered":"<p>Na tarde desta sexta-feira (15), feriado da Proclama\u00e7\u00e3o da Rep\u00fablica, a Secretaria de Esportes de Mallet promoveu o Passeio Cicl\u00edstico da Primavera, reunindo participantes no Parque dos Imigrantes. A concentra\u00e7\u00e3o come\u00e7ou \u00e0s 17h, com as inscri\u00e7\u00f5es realizadas no local. Apesar do n\u00famero reduzido de participantes \u2014 apenas 11 ciclistas inscritos \u2014 o evento foi marcado [&hellip;]<\/p>\n","protected":false},"author":2,"featured_media":30361,"comment_status":"open","ping_status":"open","sticky":false,"template":"","format":"standard","meta":{"footnotes":""},"categories":[184],"tags":[172],"class_list":["post-30368","post","type-post","status-publish","format-standard","has-post-thumbnail","hentry","category-local","tag-featured"],"amp_enabled":true,"_links":{"self":[{"href":"https:\/\/radiostudiow.com.br\/site\/wp-json\/wp\/v2\/posts\/30368","targetHints":{"allow":["GET"]}}],"collection":[{"href":"https:\/\/radiostudiow.com.br\/site\/wp-json\/wp\/v2\/posts"}],"about":[{"href":"https:\/\/radiostudiow.com.br\/site\/wp-json\/wp\/v2\/types\/post"}],"author":[{"embeddable":true,"href":"https:\/\/radiostudiow.com.br\/site\/wp-json\/wp\/v2\/users\/2"}],"replies":[{"embeddable":true,"href":"https:\/\/radiostudiow.com.br\/site\/wp-json\/wp\/v2\/comments?post=30368"}],"version-history":[{"count":1,"href":"https:\/\/radiostudiow.com.br\/site\/wp-json\/wp\/v2\/posts\/30368\/revisions"}],"predecessor-version":[{"id":30371,"href":"https:\/\/radiostudiow.com.br\/site\/wp-json\/wp\/v2\/posts\/30368\/revisions\/30371"}],"wp:featuredmedia":[{"embeddable":true,"href":"https:\/\/radiostudiow.com.br\/site\/wp-json\/wp\/v2\/media\/30361"}],"wp:attachment":[{"href":"https:\/\/radiostudiow.com.br\/site\/wp-json\/wp\/v2\/media?parent=30368"}],"wp:term":[{"taxonomy":"category","embeddable":true,"href":"https:\/\/radiostudiow.com.br\/site\/wp-json\/wp\/v2\/categories?post=30368"},{"taxonomy":"post_tag","embeddable":true,"href":"https:\/\/radiostudiow.com.br\/site\/wp-json\/wp\/v2\/tags?post=30368"}],"curies":[{"name":"wp","href":"https:\/\/api.w.org\/{rel}","templated":true}]}}