{"id":30382,"date":"2024-11-18T10:05:14","date_gmt":"2024-11-18T13:05:14","guid":{"rendered":"https:\/\/radiostudiow.com.br\/site\/?p=30382"},"modified":"2025-01-31T14:58:13","modified_gmt":"2025-01-31T17:58:13","slug":"ex-mulher-de-autor-de-atentado-ao-stf-ateia-fogo-em-casa-e-em-si-mesma","status":"publish","type":"post","link":"https:\/\/radiostudiow.com.br\/site\/2024\/11\/18\/ex-mulher-de-autor-de-atentado-ao-stf-ateia-fogo-em-casa-e-em-si-mesma\/","title":{"rendered":"Ex-mulher de autor de atentado ao STF ateia fogo em casa e em si mesma"},"content":{"rendered":"\n<p>Na manh\u00e3 deste domingo, 17 de novembro, a ex-mulher de \u2018Tiu Fran\u00e7a\u2019, autor do atentado contra o STF em Bras\u00edlia na \u00faltima quarta-feira, 13 de novembro, \u00e9 suspeita de atear fogo na casa do ex-companheiro e no pr\u00f3prio corpo em Rio do Sul, Santa Catarina.<\/p>\n\n\n\n<p>A mulher foi socorrida em estado grave e permance no hospital.<\/p>\n\n\n\n<figure class=\"wp-block-image size-full\"><img loading=\"lazy\" decoding=\"async\" width=\"900\" height=\"408\" src=\"https:\/\/radiostudiow.com.br\/site\/wp-content\/uploads\/2024\/09\/image-64-1.png\" alt=\"\" class=\"wp-image-28207\" srcset=\"https:\/\/radiostudiow.com.br\/site\/wp-content\/uploads\/2024\/09\/image-64-1.png 900w, https:\/\/radiostudiow.com.br\/site\/wp-content\/uploads\/2024\/09\/image-64-1-300x136.png 300w, https:\/\/radiostudiow.com.br\/site\/wp-content\/uploads\/2024\/09\/image-64-1-768x348.png 768w\" sizes=\"auto, (max-width: 900px) 100vw, 900px\" \/><\/figure>\n\n\n\n<p>De acordo com informa\u00e7\u00f5es da Pol\u00edcia Civil, ap\u00f3s incendiar a resid\u00eancia do ex-companheiro, a mulher atou fogo em si mesma. Antes da chegada dos bombeiros, as pessoas pr\u00f3ximas ao local prestaram os primeiros socorros, utilizando pe\u00e7as de roupa para apagar as chamas.<\/p>\n\n\n\n<p>Enquanto era atendida, a v\u00edtima pediu ajuda e afirmou:\u00a0\u201cN\u00e3o queria ir presa\u201d. O resgate foi registrado em v\u00eddeos por vizinhos, que tamb\u00e9m auxiliaram no socorro inicial.<\/p>\n","protected":false},"excerpt":{"rendered":"<p>Na manh\u00e3 deste domingo, 17 de novembro, a ex-mulher de \u2018Tiu Fran\u00e7a\u2019, autor do atentado contra o STF em Bras\u00edlia na \u00faltima quarta-feira, 13 de novembro, \u00e9 suspeita de atear fogo na casa do ex-companheiro e no pr\u00f3prio corpo em Rio do Sul, Santa Catarina. A mulher foi socorrida em estado grave e permance no [&hellip;]<\/p>\n","protected":false},"author":2,"featured_media":30383,"comment_status":"open","ping_status":"open","sticky":false,"template":"","format":"standard","meta":{"footnotes":""},"categories":[185],"tags":[172],"class_list":["post-30382","post","type-post","status-publish","format-standard","has-post-thumbnail","hentry","category-regional","tag-featured"],"amp_enabled":true,"_links":{"self":[{"href":"https:\/\/radiostudiow.com.br\/site\/wp-json\/wp\/v2\/posts\/30382","targetHints":{"allow":["GET"]}}],"collection":[{"href":"https:\/\/radiostudiow.com.br\/site\/wp-json\/wp\/v2\/posts"}],"about":[{"href":"https:\/\/radiostudiow.com.br\/site\/wp-json\/wp\/v2\/types\/post"}],"author":[{"embeddable":true,"href":"https:\/\/radiostudiow.com.br\/site\/wp-json\/wp\/v2\/users\/2"}],"replies":[{"embeddable":true,"href":"https:\/\/radiostudiow.com.br\/site\/wp-json\/wp\/v2\/comments?post=30382"}],"version-history":[{"count":2,"href":"https:\/\/radiostudiow.com.br\/site\/wp-json\/wp\/v2\/posts\/30382\/revisions"}],"predecessor-version":[{"id":30392,"href":"https:\/\/radiostudiow.com.br\/site\/wp-json\/wp\/v2\/posts\/30382\/revisions\/30392"}],"wp:featuredmedia":[{"embeddable":true,"href":"https:\/\/radiostudiow.com.br\/site\/wp-json\/wp\/v2\/media\/30383"}],"wp:attachment":[{"href":"https:\/\/radiostudiow.com.br\/site\/wp-json\/wp\/v2\/media?parent=30382"}],"wp:term":[{"taxonomy":"category","embeddable":true,"href":"https:\/\/radiostudiow.com.br\/site\/wp-json\/wp\/v2\/categories?post=30382"},{"taxonomy":"post_tag","embeddable":true,"href":"https:\/\/radiostudiow.com.br\/site\/wp-json\/wp\/v2\/tags?post=30382"}],"curies":[{"name":"wp","href":"https:\/\/api.w.org\/{rel}","templated":true}]}}