{"id":30385,"date":"2024-11-18T10:22:09","date_gmt":"2024-11-18T13:22:09","guid":{"rendered":"https:\/\/radiostudiow.com.br\/site\/?p=30385"},"modified":"2025-01-31T14:58:13","modified_gmt":"2025-01-31T17:58:13","slug":"carreta-furtada-na-br-153-foi-recuperada-em-cacador-sem-carga-e-pneus","status":"publish","type":"post","link":"https:\/\/radiostudiow.com.br\/site\/2024\/11\/18\/carreta-furtada-na-br-153-foi-recuperada-em-cacador-sem-carga-e-pneus\/","title":{"rendered":"Carreta furtada na BR-153 foi recuperada em Ca\u00e7ador sem carga e pneus"},"content":{"rendered":"\n<p>Neste s\u00e1bado, 16 de novembro, por volta das 16 horas, um caminhoneiro procurou a Pol\u00edcia Militar para relatar o furto de sua carreta, que estava estacionada no p\u00e1tio de um posto de combust\u00edvel na BR-153 em General Carneiro.\u00a0<\/p>\n\n\n\n<figure class=\"wp-block-image size-full\"><img loading=\"lazy\" decoding=\"async\" width=\"897\" height=\"204\" src=\"https:\/\/radiostudiow.com.br\/site\/wp-content\/uploads\/2024\/04\/image-50.png\" alt=\"\" class=\"wp-image-21368\" srcset=\"https:\/\/radiostudiow.com.br\/site\/wp-content\/uploads\/2024\/04\/image-50.png 897w, https:\/\/radiostudiow.com.br\/site\/wp-content\/uploads\/2024\/04\/image-50-300x68.png 300w, https:\/\/radiostudiow.com.br\/site\/wp-content\/uploads\/2024\/04\/image-50-768x175.png 768w\" sizes=\"auto, (max-width: 897px) 100vw, 897px\" \/><\/figure>\n\n\n\n<p>De acordo com o motorista, o ve\u00edculo foi deixado no local no in\u00edcio da manh\u00e3 e, por volta das 9h47, ele constatou que o cavalo mec\u00e2nico havia sido arrombado e a carreta levada.&nbsp;<\/p>\n\n\n\n<p>A carga roubada inclu\u00eda v\u00e1rios paletes de pe\u00e7as para geradores solares e m\u00f3dulos solares. Mais tarde, a Pol\u00edcia Militar de Santa Catarina localizou a carreta na SC-135, no km 69, sentido Ca\u00e7ador.<\/p>\n\n\n\n<figure class=\"wp-block-image size-full\"><img loading=\"lazy\" decoding=\"async\" width=\"900\" height=\"408\" src=\"https:\/\/radiostudiow.com.br\/site\/wp-content\/uploads\/2024\/09\/image-64-1.png\" alt=\"\" class=\"wp-image-28207\" srcset=\"https:\/\/radiostudiow.com.br\/site\/wp-content\/uploads\/2024\/09\/image-64-1.png 900w, https:\/\/radiostudiow.com.br\/site\/wp-content\/uploads\/2024\/09\/image-64-1-300x136.png 300w, https:\/\/radiostudiow.com.br\/site\/wp-content\/uploads\/2024\/09\/image-64-1-768x348.png 768w\" sizes=\"auto, (max-width: 900px) 100vw, 900px\" \/><\/figure>\n\n\n\n<p>No entanto, os 14 pneus do ve\u00edculo foram retirados, e a carga n\u00e3o foi encontrada.<\/p>\n\n\n\n<p>O caminhoneiro foi orientado sobre os procedimentos necess\u00e1rios, e o caso segue sob investiga\u00e7\u00e3o das autoridades competentes.<\/p>\n","protected":false},"excerpt":{"rendered":"<p>Neste s\u00e1bado, 16 de novembro, por volta das 16 horas, um caminhoneiro procurou a Pol\u00edcia Militar para relatar o furto de sua carreta, que estava estacionada no p\u00e1tio de um posto de combust\u00edvel na BR-153 em General Carneiro.\u00a0 De acordo com o motorista, o ve\u00edculo foi deixado no local no in\u00edcio da manh\u00e3 e, por [&hellip;]<\/p>\n","protected":false},"author":2,"featured_media":30395,"comment_status":"open","ping_status":"open","sticky":false,"template":"","format":"standard","meta":{"footnotes":""},"categories":[2],"tags":[172],"class_list":["post-30385","post","type-post","status-publish","format-standard","has-post-thumbnail","hentry","category-policial","tag-featured"],"amp_enabled":true,"_links":{"self":[{"href":"https:\/\/radiostudiow.com.br\/site\/wp-json\/wp\/v2\/posts\/30385","targetHints":{"allow":["GET"]}}],"collection":[{"href":"https:\/\/radiostudiow.com.br\/site\/wp-json\/wp\/v2\/posts"}],"about":[{"href":"https:\/\/radiostudiow.com.br\/site\/wp-json\/wp\/v2\/types\/post"}],"author":[{"embeddable":true,"href":"https:\/\/radiostudiow.com.br\/site\/wp-json\/wp\/v2\/users\/2"}],"replies":[{"embeddable":true,"href":"https:\/\/radiostudiow.com.br\/site\/wp-json\/wp\/v2\/comments?post=30385"}],"version-history":[{"count":2,"href":"https:\/\/radiostudiow.com.br\/site\/wp-json\/wp\/v2\/posts\/30385\/revisions"}],"predecessor-version":[{"id":30396,"href":"https:\/\/radiostudiow.com.br\/site\/wp-json\/wp\/v2\/posts\/30385\/revisions\/30396"}],"wp:featuredmedia":[{"embeddable":true,"href":"https:\/\/radiostudiow.com.br\/site\/wp-json\/wp\/v2\/media\/30395"}],"wp:attachment":[{"href":"https:\/\/radiostudiow.com.br\/site\/wp-json\/wp\/v2\/media?parent=30385"}],"wp:term":[{"taxonomy":"category","embeddable":true,"href":"https:\/\/radiostudiow.com.br\/site\/wp-json\/wp\/v2\/categories?post=30385"},{"taxonomy":"post_tag","embeddable":true,"href":"https:\/\/radiostudiow.com.br\/site\/wp-json\/wp\/v2\/tags?post=30385"}],"curies":[{"name":"wp","href":"https:\/\/api.w.org\/{rel}","templated":true}]}}