{"id":30387,"date":"2024-11-18T10:24:41","date_gmt":"2024-11-18T13:24:41","guid":{"rendered":"https:\/\/radiostudiow.com.br\/site\/?p=30387"},"modified":"2025-01-31T14:58:13","modified_gmt":"2025-01-31T17:58:13","slug":"homem-tem-carro-furtado-por-colega-de-trabalho-em-antonio-olinto","status":"publish","type":"post","link":"https:\/\/radiostudiow.com.br\/site\/2024\/11\/18\/homem-tem-carro-furtado-por-colega-de-trabalho-em-antonio-olinto\/","title":{"rendered":"Homem tem carro furtado por colega de trabalho em Ant\u00f4nio Olinto"},"content":{"rendered":"\n<p>Na manh\u00e3 desta quinta-feira, 14 de novembro, um homem acionou a Pol\u00edcia Militar ap\u00f3s perceber que seu carro havia sido furtado durante a madrugada, enquanto trabalhava em uma obra na cidade de Ant\u00f4nio Olinto.<\/p>\n\n\n\n<p>Ele relatou que, ao sair de casa para trabalhar, notou que o ve\u00edculo n\u00e3o estava na garagem e suspeitou de um colega de trabalho, j\u00e1 que a chave do carro havia desaparecido do local da obra.<\/p>\n\n\n\n<figure class=\"wp-block-image size-full\"><img loading=\"lazy\" decoding=\"async\" width=\"900\" height=\"408\" src=\"https:\/\/radiostudiow.com.br\/site\/wp-content\/uploads\/2024\/09\/image-64-1.png\" alt=\"\" class=\"wp-image-28207\" srcset=\"https:\/\/radiostudiow.com.br\/site\/wp-content\/uploads\/2024\/09\/image-64-1.png 900w, https:\/\/radiostudiow.com.br\/site\/wp-content\/uploads\/2024\/09\/image-64-1-300x136.png 300w, https:\/\/radiostudiow.com.br\/site\/wp-content\/uploads\/2024\/09\/image-64-1-768x348.png 768w\" sizes=\"auto, (max-width: 900px) 100vw, 900px\" \/><\/figure>\n\n\n\n<p>Pouco depois, amigos e familiares informaram que o carro havia sido visto circulando na BR-476, nas proximidades de um posto de combust\u00edveis na cidade da Lapa. A Pol\u00edcia Militar foi acionada e, ap\u00f3s dilig\u00eancias, localizou e abordou o ve\u00edculo.<\/p>\n\n\n\n<p>O suspeito, que estava ao volante, recebeu voz de pris\u00e3o no local. O carro foi recuperado e encaminhado para os procedimentos cab\u00edveis. A v\u00edtima foi orientada a registrar a ocorr\u00eancia formal para dar continuidade \u00e0s investiga\u00e7\u00f5es.<\/p>\n\n\n\n<figure class=\"wp-block-image size-large\"><img decoding=\"async\" src=\"https:\/\/radiostudiow.com.br\/site\/wp-content\/uploads\/2024\/10\/image-64-1024x1024.png\" alt=\"\" class=\"wp-image-29382\"\/><\/figure>\n","protected":false},"excerpt":{"rendered":"<p>Na manh\u00e3 desta quinta-feira, 14 de novembro, um homem acionou a Pol\u00edcia Militar ap\u00f3s perceber que seu carro havia sido furtado durante a madrugada, enquanto trabalhava em uma obra na cidade de Ant\u00f4nio Olinto. Ele relatou que, ao sair de casa para trabalhar, notou que o ve\u00edculo n\u00e3o estava na garagem e suspeitou de um [&hellip;]<\/p>\n","protected":false},"author":2,"featured_media":30398,"comment_status":"open","ping_status":"open","sticky":false,"template":"","format":"standard","meta":{"footnotes":""},"categories":[2],"tags":[172],"class_list":["post-30387","post","type-post","status-publish","format-standard","has-post-thumbnail","hentry","category-policial","tag-featured"],"amp_enabled":true,"_links":{"self":[{"href":"https:\/\/radiostudiow.com.br\/site\/wp-json\/wp\/v2\/posts\/30387","targetHints":{"allow":["GET"]}}],"collection":[{"href":"https:\/\/radiostudiow.com.br\/site\/wp-json\/wp\/v2\/posts"}],"about":[{"href":"https:\/\/radiostudiow.com.br\/site\/wp-json\/wp\/v2\/types\/post"}],"author":[{"embeddable":true,"href":"https:\/\/radiostudiow.com.br\/site\/wp-json\/wp\/v2\/users\/2"}],"replies":[{"embeddable":true,"href":"https:\/\/radiostudiow.com.br\/site\/wp-json\/wp\/v2\/comments?post=30387"}],"version-history":[{"count":2,"href":"https:\/\/radiostudiow.com.br\/site\/wp-json\/wp\/v2\/posts\/30387\/revisions"}],"predecessor-version":[{"id":30399,"href":"https:\/\/radiostudiow.com.br\/site\/wp-json\/wp\/v2\/posts\/30387\/revisions\/30399"}],"wp:featuredmedia":[{"embeddable":true,"href":"https:\/\/radiostudiow.com.br\/site\/wp-json\/wp\/v2\/media\/30398"}],"wp:attachment":[{"href":"https:\/\/radiostudiow.com.br\/site\/wp-json\/wp\/v2\/media?parent=30387"}],"wp:term":[{"taxonomy":"category","embeddable":true,"href":"https:\/\/radiostudiow.com.br\/site\/wp-json\/wp\/v2\/categories?post=30387"},{"taxonomy":"post_tag","embeddable":true,"href":"https:\/\/radiostudiow.com.br\/site\/wp-json\/wp\/v2\/tags?post=30387"}],"curies":[{"name":"wp","href":"https:\/\/api.w.org\/{rel}","templated":true}]}}