{"id":30389,"date":"2024-11-18T10:29:03","date_gmt":"2024-11-18T13:29:03","guid":{"rendered":"https:\/\/radiostudiow.com.br\/site\/?p=30389"},"modified":"2025-01-31T14:58:13","modified_gmt":"2025-01-31T17:58:13","slug":"condutor-embriagado-causa-dois-acidentes-em-menos-de-uma-hora-e-tenta-fugir","status":"publish","type":"post","link":"https:\/\/radiostudiow.com.br\/site\/2024\/11\/18\/condutor-embriagado-causa-dois-acidentes-em-menos-de-uma-hora-e-tenta-fugir\/","title":{"rendered":"Condutor embriagado causa dois acidentes em menos de uma hora e tenta fugir em Porto Uni\u00e3o"},"content":{"rendered":"\n<p>Na madrugada desta segunda-feira, 18 de novembro, a Pol\u00edcia Militar de Porto Uni\u00e3o foi acionada para atender a uma ocorr\u00eancia de acidente de tr\u00e2nsito e embriaguez ao volante.\u00a0Ao chegar no local, os policiais constataram que o condutor de um ve\u00edculo estava envolvido em dois acidentes em sequ\u00eancia.<\/p>\n\n\n\n<figure class=\"wp-block-image size-full\"><img loading=\"lazy\" decoding=\"async\" width=\"598\" height=\"204\" src=\"https:\/\/radiostudiow.com.br\/site\/wp-content\/uploads\/2024\/04\/image-12.png\" alt=\"\" class=\"wp-image-21187\" srcset=\"https:\/\/radiostudiow.com.br\/site\/wp-content\/uploads\/2024\/04\/image-12.png 598w, https:\/\/radiostudiow.com.br\/site\/wp-content\/uploads\/2024\/04\/image-12-300x102.png 300w\" sizes=\"auto, (max-width: 598px) 100vw, 598px\" \/><\/figure>\n\n\n\n<p>O primeiro acidente ocorreu quando o motorista cortou a prefer\u00eancia de uma motocicleta, causando a colis\u00e3o. O motociclista sofreu les\u00f5es na perna esquerda, na regi\u00e3o do joelho, e uma suspeita de fratura no bra\u00e7o esquerdo.&nbsp;O Corpo de Bombeiros foi acionado e o motociclista foi encaminhado para atendimento m\u00e9dico.<\/p>\n\n\n\n<p>Ap\u00f3s o acidente, o condutor do carro tentou fugir do local, mas acabou se envolvendo em uma segunda colis\u00e3o com um t\u00e1xi estacionado.&nbsp;Felizmente, o motorista do t\u00e1xi estava dentro do ve\u00edculo e n\u00e3o se feriu.<\/p>\n\n\n\n<div class=\"wp-block-media-text is-stacked-on-mobile\"><figure class=\"wp-block-media-text__media\"><img decoding=\"async\" src=\"https:\/\/radiostudiow.com.br\/site\/wp-content\/uploads\/2024\/11\/image-63-1024x1024.png\" alt=\"\" class=\"wp-image-30211 size-full\"\/><\/figure><div class=\"wp-block-media-text__content\">\n<p>AFUBRA IRATI: \ud83d\udcde(42) 3421-1700<br>\ud83d\udccd Rua Coronel Emilio Gomes, 399, Centro &#8211; Irati &#8211; PR<\/p>\n\n\n\n<p>AFUBRA IMBITUVA: \ud83d\udcde(42) 3436-84003<br>\ud83d\udccd RUA Jacobe Brener, 830 &#8211; Centro, Imbituva &#8211; PR<\/p>\n\n\n\n<p><a href=\"https:\/\/www.lojasafubra.com.br\">https:\/\/www.lojasafubra.com.br<\/a><\/p>\n<\/div><\/div>\n\n\n\n<p>O autor da colis\u00e3o ainda tentou fugir novamente, mas foi contido pelos testemunhas at\u00e9 a chegada da Pol\u00edcia Militar.<\/p>\n\n\n\n<p>A guarni\u00e7\u00e3o policial realizou o auto de constata\u00e7\u00e3o de embriaguez e, diante dos fatos, conduziu o motorista para a Delegacia de Pol\u00edcia para os procedimentos legais. O condutor foi preso e deve responder por embriaguez ao volante, danos materiais e les\u00e3o corporal.<\/p>\n","protected":false},"excerpt":{"rendered":"<p>Na madrugada desta segunda-feira, 18 de novembro, a Pol\u00edcia Militar de Porto Uni\u00e3o foi acionada para atender a uma ocorr\u00eancia de acidente de tr\u00e2nsito e embriaguez ao volante.\u00a0Ao chegar no local, os policiais constataram que o condutor de um ve\u00edculo estava envolvido em dois acidentes em sequ\u00eancia. O primeiro acidente ocorreu quando o motorista cortou [&hellip;]<\/p>\n","protected":false},"author":2,"featured_media":30400,"comment_status":"open","ping_status":"open","sticky":false,"template":"","format":"standard","meta":{"footnotes":""},"categories":[2],"tags":[172],"class_list":["post-30389","post","type-post","status-publish","format-standard","has-post-thumbnail","hentry","category-policial","tag-featured"],"amp_enabled":true,"_links":{"self":[{"href":"https:\/\/radiostudiow.com.br\/site\/wp-json\/wp\/v2\/posts\/30389","targetHints":{"allow":["GET"]}}],"collection":[{"href":"https:\/\/radiostudiow.com.br\/site\/wp-json\/wp\/v2\/posts"}],"about":[{"href":"https:\/\/radiostudiow.com.br\/site\/wp-json\/wp\/v2\/types\/post"}],"author":[{"embeddable":true,"href":"https:\/\/radiostudiow.com.br\/site\/wp-json\/wp\/v2\/users\/2"}],"replies":[{"embeddable":true,"href":"https:\/\/radiostudiow.com.br\/site\/wp-json\/wp\/v2\/comments?post=30389"}],"version-history":[{"count":3,"href":"https:\/\/radiostudiow.com.br\/site\/wp-json\/wp\/v2\/posts\/30389\/revisions"}],"predecessor-version":[{"id":30402,"href":"https:\/\/radiostudiow.com.br\/site\/wp-json\/wp\/v2\/posts\/30389\/revisions\/30402"}],"wp:featuredmedia":[{"embeddable":true,"href":"https:\/\/radiostudiow.com.br\/site\/wp-json\/wp\/v2\/media\/30400"}],"wp:attachment":[{"href":"https:\/\/radiostudiow.com.br\/site\/wp-json\/wp\/v2\/media?parent=30389"}],"wp:term":[{"taxonomy":"category","embeddable":true,"href":"https:\/\/radiostudiow.com.br\/site\/wp-json\/wp\/v2\/categories?post=30389"},{"taxonomy":"post_tag","embeddable":true,"href":"https:\/\/radiostudiow.com.br\/site\/wp-json\/wp\/v2\/tags?post=30389"}],"curies":[{"name":"wp","href":"https:\/\/api.w.org\/{rel}","templated":true}]}}