{"id":30404,"date":"2024-11-19T10:05:45","date_gmt":"2024-11-19T13:05:45","guid":{"rendered":"https:\/\/radiostudiow.com.br\/site\/?p=30404"},"modified":"2025-01-31T14:58:13","modified_gmt":"2025-01-31T17:58:13","slug":"corpo-de-jovem-de-irati-e-localizado-apos-afogamento-no-litoral-de-sc","status":"publish","type":"post","link":"https:\/\/radiostudiow.com.br\/site\/2024\/11\/19\/corpo-de-jovem-de-irati-e-localizado-apos-afogamento-no-litoral-de-sc\/","title":{"rendered":"Corpo de jovem de Irati \u00e9 localizado ap\u00f3s afogamento no litoral de SC"},"content":{"rendered":"\n<p>O corpo de um jovem morador de Irati foi encontrado boiando nesta segunda-feira, 18 de novembro, no litoral de Itapema do Norte, em Santa Catarina. O rapaz desapareceu no mar no ultimo s\u00e1bado (16), ap\u00f3s um afogamento ocorrido na regi\u00e3o.<\/p>\n\n\n\n<figure class=\"wp-block-image size-full\"><img loading=\"lazy\" decoding=\"async\" width=\"897\" height=\"204\" src=\"https:\/\/radiostudiow.com.br\/site\/wp-content\/uploads\/2024\/11\/image-49.png\" alt=\"\" class=\"wp-image-30017\" srcset=\"https:\/\/radiostudiow.com.br\/site\/wp-content\/uploads\/2024\/11\/image-49.png 897w, https:\/\/radiostudiow.com.br\/site\/wp-content\/uploads\/2024\/11\/image-49-300x68.png 300w, https:\/\/radiostudiow.com.br\/site\/wp-content\/uploads\/2024\/11\/image-49-768x175.png 768w\" sizes=\"auto, (max-width: 897px) 100vw, 897px\" \/><\/figure>\n\n\n\n<p>Segundo informa\u00e7\u00f5es, o corpo foi localizado por populares a cerca de 5 km de dist\u00e2ncia do local onde ele foi visto pela \u00faltima vez. Ap\u00f3s ser avistado, foi trazido \u00e0 terra por moradores e turistas que ajudaram no resgate.<\/p>\n\n\n\n<p>O jovem foi reconhecido ainda no local por pessoas que acompanhavam as buscas. Autoridades locais foram acionadas para realizar os procedimentos necess\u00e1rios e encaminhar o corpo ao Instituto M\u00e9dico Legal (IML) para os exames de pr\u00e1tica.<\/p>\n\n\n\n<figure class=\"wp-block-image size-full\"><img loading=\"lazy\" decoding=\"async\" width=\"900\" height=\"408\" src=\"https:\/\/radiostudiow.com.br\/site\/wp-content\/uploads\/2024\/09\/image-64-1.png\" alt=\"\" class=\"wp-image-28207\" srcset=\"https:\/\/radiostudiow.com.br\/site\/wp-content\/uploads\/2024\/09\/image-64-1.png 900w, https:\/\/radiostudiow.com.br\/site\/wp-content\/uploads\/2024\/09\/image-64-1-300x136.png 300w, https:\/\/radiostudiow.com.br\/site\/wp-content\/uploads\/2024\/09\/image-64-1-768x348.png 768w\" sizes=\"auto, (max-width: 900px) 100vw, 900px\" \/><\/figure>\n\n\n\n<p>O caso gerou como\u00e7\u00e3o tanto entre os moradores de Itapema do Norte quanto em Irati, onde o jovem era muito conhecido. Amigos e familiares lamentaram profundamente a trag\u00e9dia e prestaram homenagem<\/p>\n\n\n\n<p>As circunst\u00e2ncias do afogamento est\u00e3o sendo apuradas. O Corpo de Bombeiros refor\u00e7a a import\u00e2ncia de cuidados redobrados ao entrar no mar, principalmente em \u00e1reas com correntes fortes ou falta de supervis\u00e3o de salva-vidas.<\/p>\n\n\n\n<figure class=\"wp-block-image size-full\"><img loading=\"lazy\" decoding=\"async\" width=\"800\" height=\"420\" src=\"https:\/\/radiostudiow.com.br\/site\/wp-content\/uploads\/2024\/11\/05.jpeg\" alt=\"\" class=\"wp-image-30445\" srcset=\"https:\/\/radiostudiow.com.br\/site\/wp-content\/uploads\/2024\/11\/05.jpeg 800w, https:\/\/radiostudiow.com.br\/site\/wp-content\/uploads\/2024\/11\/05-300x158.jpeg 300w, https:\/\/radiostudiow.com.br\/site\/wp-content\/uploads\/2024\/11\/05-768x403.jpeg 768w\" sizes=\"auto, (max-width: 800px) 100vw, 800px\" \/><\/figure>\n\n\n\n<figure class=\"wp-block-image size-full\"><img loading=\"lazy\" decoding=\"async\" width=\"800\" height=\"453\" src=\"https:\/\/radiostudiow.com.br\/site\/wp-content\/uploads\/2024\/11\/06.jpeg\" alt=\"\" class=\"wp-image-30446\" srcset=\"https:\/\/radiostudiow.com.br\/site\/wp-content\/uploads\/2024\/11\/06.jpeg 800w, https:\/\/radiostudiow.com.br\/site\/wp-content\/uploads\/2024\/11\/06-300x170.jpeg 300w, https:\/\/radiostudiow.com.br\/site\/wp-content\/uploads\/2024\/11\/06-768x435.jpeg 768w\" sizes=\"auto, (max-width: 800px) 100vw, 800px\" \/><\/figure>\n\n\n\n<figure class=\"wp-block-gallery has-nested-images columns-default is-cropped wp-block-gallery-1 is-layout-flex wp-block-gallery-is-layout-flex\">\n<figure class=\"wp-block-image size-large\"><img loading=\"lazy\" decoding=\"async\" width=\"800\" height=\"420\" data-id=\"30447\" src=\"https:\/\/radiostudiow.com.br\/site\/wp-content\/uploads\/2024\/11\/07.jpeg\" alt=\"\" class=\"wp-image-30447\" srcset=\"https:\/\/radiostudiow.com.br\/site\/wp-content\/uploads\/2024\/11\/07.jpeg 800w, https:\/\/radiostudiow.com.br\/site\/wp-content\/uploads\/2024\/11\/07-300x158.jpeg 300w, https:\/\/radiostudiow.com.br\/site\/wp-content\/uploads\/2024\/11\/07-768x403.jpeg 768w\" sizes=\"auto, (max-width: 800px) 100vw, 800px\" \/><\/figure>\n\n\n\n<figure class=\"wp-block-image size-large\"><img loading=\"lazy\" decoding=\"async\" width=\"768\" height=\"1024\" data-id=\"30444\" src=\"https:\/\/radiostudiow.com.br\/site\/wp-content\/uploads\/2024\/11\/image-84-768x1024.png\" alt=\"\" class=\"wp-image-30444\" srcset=\"https:\/\/radiostudiow.com.br\/site\/wp-content\/uploads\/2024\/11\/image-84-768x1024.png 768w, https:\/\/radiostudiow.com.br\/site\/wp-content\/uploads\/2024\/11\/image-84-225x300.png 225w, https:\/\/radiostudiow.com.br\/site\/wp-content\/uploads\/2024\/11\/image-84-1152x1536.png 1152w, https:\/\/radiostudiow.com.br\/site\/wp-content\/uploads\/2024\/11\/image-84.png 1200w\" sizes=\"auto, (max-width: 768px) 100vw, 768px\" \/><\/figure>\n<\/figure>\n","protected":false},"excerpt":{"rendered":"<p>O corpo de um jovem morador de Irati foi encontrado boiando nesta segunda-feira, 18 de novembro, no litoral de Itapema do Norte, em Santa Catarina. O rapaz desapareceu no mar no ultimo s\u00e1bado (16), ap\u00f3s um afogamento ocorrido na regi\u00e3o. Segundo informa\u00e7\u00f5es, o corpo foi localizado por populares a cerca de 5 km de dist\u00e2ncia [&hellip;]<\/p>\n","protected":false},"author":2,"featured_media":30405,"comment_status":"open","ping_status":"open","sticky":false,"template":"","format":"standard","meta":{"footnotes":""},"categories":[185],"tags":[172],"class_list":["post-30404","post","type-post","status-publish","format-standard","has-post-thumbnail","hentry","category-regional","tag-featured"],"amp_enabled":true,"_links":{"self":[{"href":"https:\/\/radiostudiow.com.br\/site\/wp-json\/wp\/v2\/posts\/30404","targetHints":{"allow":["GET"]}}],"collection":[{"href":"https:\/\/radiostudiow.com.br\/site\/wp-json\/wp\/v2\/posts"}],"about":[{"href":"https:\/\/radiostudiow.com.br\/site\/wp-json\/wp\/v2\/types\/post"}],"author":[{"embeddable":true,"href":"https:\/\/radiostudiow.com.br\/site\/wp-json\/wp\/v2\/users\/2"}],"replies":[{"embeddable":true,"href":"https:\/\/radiostudiow.com.br\/site\/wp-json\/wp\/v2\/comments?post=30404"}],"version-history":[{"count":2,"href":"https:\/\/radiostudiow.com.br\/site\/wp-json\/wp\/v2\/posts\/30404\/revisions"}],"predecessor-version":[{"id":30448,"href":"https:\/\/radiostudiow.com.br\/site\/wp-json\/wp\/v2\/posts\/30404\/revisions\/30448"}],"wp:featuredmedia":[{"embeddable":true,"href":"https:\/\/radiostudiow.com.br\/site\/wp-json\/wp\/v2\/media\/30405"}],"wp:attachment":[{"href":"https:\/\/radiostudiow.com.br\/site\/wp-json\/wp\/v2\/media?parent=30404"}],"wp:term":[{"taxonomy":"category","embeddable":true,"href":"https:\/\/radiostudiow.com.br\/site\/wp-json\/wp\/v2\/categories?post=30404"},{"taxonomy":"post_tag","embeddable":true,"href":"https:\/\/radiostudiow.com.br\/site\/wp-json\/wp\/v2\/tags?post=30404"}],"curies":[{"name":"wp","href":"https:\/\/api.w.org\/{rel}","templated":true}]}}