{"id":30410,"date":"2024-11-18T18:01:48","date_gmt":"2024-11-18T21:01:48","guid":{"rendered":"https:\/\/radiostudiow.com.br\/site\/?p=30410"},"modified":"2025-01-31T14:58:13","modified_gmt":"2025-01-31T17:58:13","slug":"homem-e-preso-por-porte-ilegal-de-arma-de-fogo-em-uniao-da-vitoria-3","status":"publish","type":"post","link":"https:\/\/radiostudiow.com.br\/site\/2024\/11\/18\/homem-e-preso-por-porte-ilegal-de-arma-de-fogo-em-uniao-da-vitoria-3\/","title":{"rendered":"Homem \u00e9 preso por porte ilegal de arma de fogo em Uni\u00e3o da Vit\u00f3ria"},"content":{"rendered":"\n<p>A equipe da Pol\u00edcia Militar de Uni\u00e3o da Vit\u00f3ria estava em patrulhamento pela via p\u00fablica no bairro S\u00e3o Miguel quando um masculino relatou que viu um homem de camiseta preta e bon\u00e9 tirando uma arma de um ve\u00edculo uno prata e mostrando em detalhes para outro homem.<\/p>\n\n\n\n<p>A situa\u00e7\u00e3o foi registada por volta das 00:30 horas desse s\u00e1bado (16).<\/p>\n\n\n\n<figure class=\"wp-block-image size-large\"><img decoding=\"async\" src=\"https:\/\/radiostudiow.com.br\/site\/wp-content\/uploads\/2024\/10\/zm_0002_24AG_anuncio_261x83mm-1024x359.png\" alt=\"\" class=\"wp-image-28224\"\/><\/figure>\n\n\n\n<p>Diante da den\u00fancia, foi realizado o patrulhamento e abordado um masculino com as carater\u00edsticas repassadas, e no interior do seu ve\u00edculo foi localizado uma espingarda Gouge 12 da marca Boito desmuniciada e uma pochete contendo 11 muni\u00e7\u00f5es intactas.<\/p>\n\n\n\n<p>Constatado as irregularidades do armamento, o masculino foi encaminhado e entregue juntamento com os objetos para a delegacia de uni\u00e3o da vit\u00f3ria<\/p>\n","protected":false},"excerpt":{"rendered":"<p>A equipe da Pol\u00edcia Militar de Uni\u00e3o da Vit\u00f3ria estava em patrulhamento pela via p\u00fablica no bairro S\u00e3o Miguel quando um masculino relatou que viu um homem de camiseta preta e bon\u00e9 tirando uma arma de um ve\u00edculo uno prata e mostrando em detalhes para outro homem. A situa\u00e7\u00e3o foi registada por volta das 00:30 [&hellip;]<\/p>\n","protected":false},"author":2,"featured_media":28650,"comment_status":"open","ping_status":"open","sticky":false,"template":"","format":"standard","meta":{"footnotes":""},"categories":[2],"tags":[172],"class_list":["post-30410","post","type-post","status-publish","format-standard","has-post-thumbnail","hentry","category-policial","tag-featured"],"amp_enabled":true,"_links":{"self":[{"href":"https:\/\/radiostudiow.com.br\/site\/wp-json\/wp\/v2\/posts\/30410","targetHints":{"allow":["GET"]}}],"collection":[{"href":"https:\/\/radiostudiow.com.br\/site\/wp-json\/wp\/v2\/posts"}],"about":[{"href":"https:\/\/radiostudiow.com.br\/site\/wp-json\/wp\/v2\/types\/post"}],"author":[{"embeddable":true,"href":"https:\/\/radiostudiow.com.br\/site\/wp-json\/wp\/v2\/users\/2"}],"replies":[{"embeddable":true,"href":"https:\/\/radiostudiow.com.br\/site\/wp-json\/wp\/v2\/comments?post=30410"}],"version-history":[{"count":1,"href":"https:\/\/radiostudiow.com.br\/site\/wp-json\/wp\/v2\/posts\/30410\/revisions"}],"predecessor-version":[{"id":30412,"href":"https:\/\/radiostudiow.com.br\/site\/wp-json\/wp\/v2\/posts\/30410\/revisions\/30412"}],"wp:featuredmedia":[{"embeddable":true,"href":"https:\/\/radiostudiow.com.br\/site\/wp-json\/wp\/v2\/media\/28650"}],"wp:attachment":[{"href":"https:\/\/radiostudiow.com.br\/site\/wp-json\/wp\/v2\/media?parent=30410"}],"wp:term":[{"taxonomy":"category","embeddable":true,"href":"https:\/\/radiostudiow.com.br\/site\/wp-json\/wp\/v2\/categories?post=30410"},{"taxonomy":"post_tag","embeddable":true,"href":"https:\/\/radiostudiow.com.br\/site\/wp-json\/wp\/v2\/tags?post=30410"}],"curies":[{"name":"wp","href":"https:\/\/api.w.org\/{rel}","templated":true}]}}