{"id":30415,"date":"2024-11-18T19:11:33","date_gmt":"2024-11-18T22:11:33","guid":{"rendered":"https:\/\/radiostudiow.com.br\/site\/?p=30415"},"modified":"2025-01-31T14:58:13","modified_gmt":"2025-01-31T17:58:13","slug":"jovem-espancado-em-sao-mateus-do-sul-e-transferido-para-a-capital-de-helicoptero","status":"publish","type":"post","link":"https:\/\/radiostudiow.com.br\/site\/2024\/11\/18\/jovem-espancado-em-sao-mateus-do-sul-e-transferido-para-a-capital-de-helicoptero\/","title":{"rendered":"Jovem espancado em S\u00e3o Mateus do Sul \u00e9 transferido para a capital de helic\u00f3ptero"},"content":{"rendered":"\n<p>O&nbsp;jovem de 26 anos que foi espancado em S\u00e3o Mateus do Sul&nbsp;na noite de domingo (17),&nbsp;precisou ser transferido de helic\u00f3ptero at\u00e9 a capital Curitiba por conta das les\u00f5es.&nbsp;Ele sofreu traumatismo craniano e foi transferido pelo SAMU.<\/p>\n\n\n\n<p>O caso aconteceu na Rua Augusto Tararan, pr\u00f3ximo ao Gin\u00e1sio Polac\u00e3o. Segundo relato de testemunhas, um grupo agredidou o jovem com socos e chutes, concentrando os golpes principalmente na regi\u00e3o da cabe\u00e7a.<\/p>\n\n\n\n<figure class=\"wp-block-image size-full\"><img loading=\"lazy\" decoding=\"async\" width=\"897\" height=\"204\" src=\"https:\/\/radiostudiow.com.br\/site\/wp-content\/uploads\/2024\/11\/image-49.png\" alt=\"\" class=\"wp-image-30017\" srcset=\"https:\/\/radiostudiow.com.br\/site\/wp-content\/uploads\/2024\/11\/image-49.png 897w, https:\/\/radiostudiow.com.br\/site\/wp-content\/uploads\/2024\/11\/image-49-300x68.png 300w, https:\/\/radiostudiow.com.br\/site\/wp-content\/uploads\/2024\/11\/image-49-768x175.png 768w\" sizes=\"auto, (max-width: 897px) 100vw, 897px\" \/><\/figure>\n\n\n\n<p>Conforme informado por testemunhas,\u00a0a motiva\u00e7\u00e3o para a viol\u00eancia teria sido o gesto do homem de entregar uma flor e elogiar duas adolescentes que acompanhavam o grupo.\u00a0O Corpo de Bombeiros foi acionado imediatamente para prestar socorro \u00e0 v\u00edtima.<\/p>\n\n\n\n<p>A Pol\u00edcia Militar, chamada ao local, conseguiu abordar os suspeitos e conduzi-los \u00e0 3\u00aa Subdivis\u00e3o Policial (SDP) para registro da ocorr\u00eancia e demais procedimentos legais. Entre os envolvidos, havia menores de idade, o que levou ao acionamento do Conselho Tutelar para acompanhar o caso.<\/p>\n","protected":false},"excerpt":{"rendered":"<p>O&nbsp;jovem de 26 anos que foi espancado em S\u00e3o Mateus do Sul&nbsp;na noite de domingo (17),&nbsp;precisou ser transferido de helic\u00f3ptero at\u00e9 a capital Curitiba por conta das les\u00f5es.&nbsp;Ele sofreu traumatismo craniano e foi transferido pelo SAMU. O caso aconteceu na Rua Augusto Tararan, pr\u00f3ximo ao Gin\u00e1sio Polac\u00e3o. Segundo relato de testemunhas, um grupo agredidou o [&hellip;]<\/p>\n","protected":false},"author":2,"featured_media":30435,"comment_status":"open","ping_status":"open","sticky":false,"template":"","format":"standard","meta":{"footnotes":""},"categories":[185],"tags":[172],"class_list":["post-30415","post","type-post","status-publish","format-standard","has-post-thumbnail","hentry","category-regional","tag-featured"],"amp_enabled":true,"_links":{"self":[{"href":"https:\/\/radiostudiow.com.br\/site\/wp-json\/wp\/v2\/posts\/30415","targetHints":{"allow":["GET"]}}],"collection":[{"href":"https:\/\/radiostudiow.com.br\/site\/wp-json\/wp\/v2\/posts"}],"about":[{"href":"https:\/\/radiostudiow.com.br\/site\/wp-json\/wp\/v2\/types\/post"}],"author":[{"embeddable":true,"href":"https:\/\/radiostudiow.com.br\/site\/wp-json\/wp\/v2\/users\/2"}],"replies":[{"embeddable":true,"href":"https:\/\/radiostudiow.com.br\/site\/wp-json\/wp\/v2\/comments?post=30415"}],"version-history":[{"count":4,"href":"https:\/\/radiostudiow.com.br\/site\/wp-json\/wp\/v2\/posts\/30415\/revisions"}],"predecessor-version":[{"id":30437,"href":"https:\/\/radiostudiow.com.br\/site\/wp-json\/wp\/v2\/posts\/30415\/revisions\/30437"}],"wp:featuredmedia":[{"embeddable":true,"href":"https:\/\/radiostudiow.com.br\/site\/wp-json\/wp\/v2\/media\/30435"}],"wp:attachment":[{"href":"https:\/\/radiostudiow.com.br\/site\/wp-json\/wp\/v2\/media?parent=30415"}],"wp:term":[{"taxonomy":"category","embeddable":true,"href":"https:\/\/radiostudiow.com.br\/site\/wp-json\/wp\/v2\/categories?post=30415"},{"taxonomy":"post_tag","embeddable":true,"href":"https:\/\/radiostudiow.com.br\/site\/wp-json\/wp\/v2\/tags?post=30415"}],"curies":[{"name":"wp","href":"https:\/\/api.w.org\/{rel}","templated":true}]}}