{"id":30418,"date":"2024-11-18T18:13:49","date_gmt":"2024-11-18T21:13:49","guid":{"rendered":"https:\/\/radiostudiow.com.br\/site\/?p=30418"},"modified":"2024-11-18T18:13:49","modified_gmt":"2024-11-18T21:13:49","slug":"bebe-de-1-ano-e-internado-em-estado-grave-apos-engolir-cocaina-no-parana","status":"publish","type":"post","link":"https:\/\/radiostudiow.com.br\/site\/2024\/11\/18\/bebe-de-1-ano-e-internado-em-estado-grave-apos-engolir-cocaina-no-parana\/","title":{"rendered":"Beb\u00ea de 1 ano \u00e9 internado em estado grave ap\u00f3s engolir coca\u00edna no Paran\u00e1"},"content":{"rendered":"\n<p>Uma&nbsp;crian\u00e7a, de um ano de idade, foi socorrida em&nbsp;estado grave&nbsp;ap\u00f3s&nbsp;engolir&nbsp;uma bucha de&nbsp;coca\u00edna, na \u00faltima sexta-feira (16), em&nbsp;Cascavel, no oeste do&nbsp;Paran\u00e1. O menino chegou inconsciente em uma Unidade de Pronto Atendimento (UPA) e precisou ser intubado.<\/p>\n\n\n\n<figure class=\"wp-block-image size-full\"><img loading=\"lazy\" decoding=\"async\" width=\"900\" height=\"408\" src=\"https:\/\/radiostudiow.com.br\/site\/wp-content\/uploads\/2024\/09\/image-64-1.png\" alt=\"\" class=\"wp-image-28207\" srcset=\"https:\/\/radiostudiow.com.br\/site\/wp-content\/uploads\/2024\/09\/image-64-1.png 900w, https:\/\/radiostudiow.com.br\/site\/wp-content\/uploads\/2024\/09\/image-64-1-300x136.png 300w, https:\/\/radiostudiow.com.br\/site\/wp-content\/uploads\/2024\/09\/image-64-1-768x348.png 768w\" sizes=\"auto, (max-width: 900px) 100vw, 900px\" \/><\/figure>\n\n\n\n<p>De acordo com a Pol\u00edcia Civil, que investiga o caso, a crian\u00e7a segue internada, e os\u00a0pais foram presos\u00a0em flagrante por les\u00e3o culposa e omiss\u00e3o de socorro. Eles foram detidos ap\u00f3s a assistente social da UPA Veneza acionar a Pol\u00edcia Militar (PM).<\/p>\n\n\n\n<p>Ap\u00f3s levarem a crian\u00e7a para o hospital, os pais foram encaminhados a uma delegacia. \u201cOs suspeitos foram colocados em liberdade provis\u00f3ria por decis\u00e3o da justi\u00e7a\u201d, acrescentou a&nbsp;Pol\u00edcia Civil.<\/p>\n\n\n\n<p>Os respons\u00e1veis pelo beb\u00ea s\u00e3o propriet\u00e1rios de um bar e relataram que o estabelecimento geralmente \u00e9 frequentado por usu\u00e1rios de drogas, segundo a PM. Por volta das 18h, eles teriam percebido que a crian\u00e7a estava com um peda\u00e7o de pl\u00e1stico na boca e \u201cmuito agitado\u201d.<\/p>\n\n\n\n<figure class=\"wp-block-image size-full\"><img loading=\"lazy\" decoding=\"async\" width=\"598\" height=\"204\" src=\"https:\/\/radiostudiow.com.br\/site\/wp-content\/uploads\/2024\/10\/labirati.png\" alt=\"\" class=\"wp-image-28854\" srcset=\"https:\/\/radiostudiow.com.br\/site\/wp-content\/uploads\/2024\/10\/labirati.png 598w, https:\/\/radiostudiow.com.br\/site\/wp-content\/uploads\/2024\/10\/labirati-300x102.png 300w\" sizes=\"auto, (max-width: 598px) 100vw, 598px\" \/><\/figure>\n\n\n\n<p>A m\u00e3e teria tentado amamentar e oferecido \u00e1gua ao menino, mas ele n\u00e3o aceitou. Ele s\u00f3 foi socorrido ao hospital cerca de tr\u00eas horas ap\u00f3s ingerir a droga. O menino teria sofrido duas paradas cardiorrespirat\u00f3rias e convulsionado ap\u00f3s o epis\u00f3dio. O pai dele foi preso em 2022 com coca\u00edna.<\/p>\n\n\n\n<p>A pol\u00edcia segue investigando o caso. N\u00e3o h\u00e1 atualiza\u00e7\u00f5es sobre o quadro de sa\u00fade da crian\u00e7a.<\/p>\n","protected":false},"excerpt":{"rendered":"<p>Uma&nbsp;crian\u00e7a, de um ano de idade, foi socorrida em&nbsp;estado grave&nbsp;ap\u00f3s&nbsp;engolir&nbsp;uma bucha de&nbsp;coca\u00edna, na \u00faltima sexta-feira (16), em&nbsp;Cascavel, no oeste do&nbsp;Paran\u00e1. O menino chegou inconsciente em uma Unidade de Pronto Atendimento (UPA) e precisou ser intubado. De acordo com a Pol\u00edcia Civil, que investiga o caso, a crian\u00e7a segue internada, e os\u00a0pais foram presos\u00a0em flagrante por [&hellip;]<\/p>\n","protected":false},"author":2,"featured_media":30419,"comment_status":"open","ping_status":"open","sticky":false,"template":"","format":"standard","meta":{"footnotes":""},"categories":[7],"tags":[],"class_list":["post-30418","post","type-post","status-publish","format-standard","has-post-thumbnail","hentry","category-geral"],"amp_enabled":true,"_links":{"self":[{"href":"https:\/\/radiostudiow.com.br\/site\/wp-json\/wp\/v2\/posts\/30418","targetHints":{"allow":["GET"]}}],"collection":[{"href":"https:\/\/radiostudiow.com.br\/site\/wp-json\/wp\/v2\/posts"}],"about":[{"href":"https:\/\/radiostudiow.com.br\/site\/wp-json\/wp\/v2\/types\/post"}],"author":[{"embeddable":true,"href":"https:\/\/radiostudiow.com.br\/site\/wp-json\/wp\/v2\/users\/2"}],"replies":[{"embeddable":true,"href":"https:\/\/radiostudiow.com.br\/site\/wp-json\/wp\/v2\/comments?post=30418"}],"version-history":[{"count":1,"href":"https:\/\/radiostudiow.com.br\/site\/wp-json\/wp\/v2\/posts\/30418\/revisions"}],"predecessor-version":[{"id":30420,"href":"https:\/\/radiostudiow.com.br\/site\/wp-json\/wp\/v2\/posts\/30418\/revisions\/30420"}],"wp:featuredmedia":[{"embeddable":true,"href":"https:\/\/radiostudiow.com.br\/site\/wp-json\/wp\/v2\/media\/30419"}],"wp:attachment":[{"href":"https:\/\/radiostudiow.com.br\/site\/wp-json\/wp\/v2\/media?parent=30418"}],"wp:term":[{"taxonomy":"category","embeddable":true,"href":"https:\/\/radiostudiow.com.br\/site\/wp-json\/wp\/v2\/categories?post=30418"},{"taxonomy":"post_tag","embeddable":true,"href":"https:\/\/radiostudiow.com.br\/site\/wp-json\/wp\/v2\/tags?post=30418"}],"curies":[{"name":"wp","href":"https:\/\/api.w.org\/{rel}","templated":true}]}}