{"id":30421,"date":"2024-11-18T18:17:07","date_gmt":"2024-11-18T21:17:07","guid":{"rendered":"https:\/\/radiostudiow.com.br\/site\/?p=30421"},"modified":"2025-01-31T14:58:13","modified_gmt":"2025-01-31T17:58:13","slug":"motocicleta-furtada-e-encontrada-no-interior-de-sao-mateus-do-sul","status":"publish","type":"post","link":"https:\/\/radiostudiow.com.br\/site\/2024\/11\/18\/motocicleta-furtada-e-encontrada-no-interior-de-sao-mateus-do-sul\/","title":{"rendered":"Motocicleta furtada \u00e9 encontrada no interior de S\u00e3o Mateus do Sul"},"content":{"rendered":"\n<p>Na manh\u00e3 deste s\u00e1bado (16), um homem compareceu \u00e0 sede da 3\u00aa CIA da Pol\u00edcia Militar de S\u00e3o Mateus do Sul para registrar o furto de sua motocicleta,\u00a0uma Honda CG 125 Fan.<\/p>\n\n\n\n<p>O solicitante relatou que havia ido ao centro da cidade por volta das 9h para fazer compras e estacionou a motocicleta em frente a uma revendedora de autom\u00f3veis. Segundo o relato, por volta das 11h, ele passou pelo local e confirmou que a motocicleta ainda estava estacionada. No entanto, ao retornar do mercado por volta das 12h30, constatou que sua moto havia desaparecida.<\/p>\n\n\n\n<p>A equipe policial registrou o alerta de furto no sistema e forneceu as devidas orienta\u00e7\u00f5es \u00e0 v\u00edtima sobre os pr\u00f3ximos passos a serem tomados.<\/p>\n\n\n\n<figure class=\"wp-block-image size-large is-resized\"><img decoding=\"async\" src=\"https:\/\/radiostudiow.com.br\/site\/wp-content\/uploads\/2024\/10\/image-64-1024x1024.png\" alt=\"\" class=\"wp-image-29382\" style=\"width:403px;height:auto\"\/><\/figure>\n\n\n\n<p>A equipe da Pol\u00edcia Militar foi acionada na noite deste domingo (17) para se deslocar at\u00e9 a localidade da Imbuiona, em S\u00e3o Mateus do Sul, ap\u00f3s um homem relatar ter encontrado uma motocicleta em um mato pr\u00f3ximo \u00e0 sua planta\u00e7\u00e3o. Ao chegar ao local, os policiais verificaram que se tratava de uma Honda CG 125 Fan.<\/p>\n\n\n\n<p>Ap\u00f3s consultar a placa do ve\u00edculo, foi constatado\u00a0que a motocicleta havia sido furtada no s\u00e1bado (16) no centro da cidade. A equipe ent\u00e3o recolheu a moto e a transportou at\u00e9 a 3\u00aa Subdivis\u00e3o Policial (SDP) para as devidas provid\u00eancias.<\/p>\n","protected":false},"excerpt":{"rendered":"<p>Na manh\u00e3 deste s\u00e1bado (16), um homem compareceu \u00e0 sede da 3\u00aa CIA da Pol\u00edcia Militar de S\u00e3o Mateus do Sul para registrar o furto de sua motocicleta,\u00a0uma Honda CG 125 Fan. O solicitante relatou que havia ido ao centro da cidade por volta das 9h para fazer compras e estacionou a motocicleta em frente [&hellip;]<\/p>\n","protected":false},"author":2,"featured_media":30422,"comment_status":"open","ping_status":"open","sticky":false,"template":"","format":"standard","meta":{"footnotes":""},"categories":[2],"tags":[172],"class_list":["post-30421","post","type-post","status-publish","format-standard","has-post-thumbnail","hentry","category-policial","tag-featured"],"amp_enabled":true,"_links":{"self":[{"href":"https:\/\/radiostudiow.com.br\/site\/wp-json\/wp\/v2\/posts\/30421","targetHints":{"allow":["GET"]}}],"collection":[{"href":"https:\/\/radiostudiow.com.br\/site\/wp-json\/wp\/v2\/posts"}],"about":[{"href":"https:\/\/radiostudiow.com.br\/site\/wp-json\/wp\/v2\/types\/post"}],"author":[{"embeddable":true,"href":"https:\/\/radiostudiow.com.br\/site\/wp-json\/wp\/v2\/users\/2"}],"replies":[{"embeddable":true,"href":"https:\/\/radiostudiow.com.br\/site\/wp-json\/wp\/v2\/comments?post=30421"}],"version-history":[{"count":1,"href":"https:\/\/radiostudiow.com.br\/site\/wp-json\/wp\/v2\/posts\/30421\/revisions"}],"predecessor-version":[{"id":30423,"href":"https:\/\/radiostudiow.com.br\/site\/wp-json\/wp\/v2\/posts\/30421\/revisions\/30423"}],"wp:featuredmedia":[{"embeddable":true,"href":"https:\/\/radiostudiow.com.br\/site\/wp-json\/wp\/v2\/media\/30422"}],"wp:attachment":[{"href":"https:\/\/radiostudiow.com.br\/site\/wp-json\/wp\/v2\/media?parent=30421"}],"wp:term":[{"taxonomy":"category","embeddable":true,"href":"https:\/\/radiostudiow.com.br\/site\/wp-json\/wp\/v2\/categories?post=30421"},{"taxonomy":"post_tag","embeddable":true,"href":"https:\/\/radiostudiow.com.br\/site\/wp-json\/wp\/v2\/tags?post=30421"}],"curies":[{"name":"wp","href":"https:\/\/api.w.org\/{rel}","templated":true}]}}