{"id":30459,"date":"2024-11-19T11:56:27","date_gmt":"2024-11-19T14:56:27","guid":{"rendered":"https:\/\/radiostudiow.com.br\/site\/?p=30459"},"modified":"2025-01-31T14:58:12","modified_gmt":"2025-01-31T17:58:12","slug":"mulher-e-presa-em-flagrante-por-trafico-de-drogas-em-uniao-da-vitoria","status":"publish","type":"post","link":"https:\/\/radiostudiow.com.br\/site\/2024\/11\/19\/mulher-e-presa-em-flagrante-por-trafico-de-drogas-em-uniao-da-vitoria\/","title":{"rendered":"Mulher \u00e9 presa em flagrante por tr\u00e1fico de drogas em Uni\u00e3o da Vit\u00f3ria"},"content":{"rendered":"\n<p>Uma mulher foi presa em flagrante no conjunto habitacional Bento Munhoz, no distrito de S\u00e3o Crist\u00f3v\u00e3o em Uni\u00e3o da Vit\u00f3ria, ap\u00f3s ser flagrada com coca\u00edna por volta das 22:04 horas na noite deste s\u00e1bado (16).<\/p>\n\n\n\n<p>De acordo com a Pol\u00edcia Militar, durante o patrulhamento na regi\u00e3o, os agentes avistaram a suspeita indo na dire\u00e7\u00e3o a um ve\u00edculo.&nbsp;Ao perceber a presen\u00e7a da viatura, ela arremessou um objeto ao ch\u00e3o, levantando suspeitas.<\/p>\n\n\n\n<div class=\"wp-block-media-text is-stacked-on-mobile\"><figure class=\"wp-block-media-text__media\"><img decoding=\"async\" src=\"https:\/\/radiostudiow.com.br\/site\/wp-content\/uploads\/2024\/11\/image-63-1024x1024.png\" alt=\"\" class=\"wp-image-30211 size-full\"\/><\/figure><div class=\"wp-block-media-text__content\">\n<p>AFUBRA IRATI: \ud83d\udcde(42) 3421-1700<br>\ud83d\udccd Rua Coronel Emilio Gomes, 399, Centro &#8211; Irati &#8211; PR<\/p>\n\n\n\n<p>AFUBRA IMBITUVA: \ud83d\udcde(42) 3436-84003<br>\ud83d\udccd RUA Jacobe Brener, 830 &#8211; Centro, Imbituva &#8211; PR<\/p>\n\n\n\n<p><a href=\"https:\/\/www.lojasafubra.com.br\">https:\/\/www.lojasafubra.com.br<\/a><\/p>\n<\/div><\/div>\n\n\n\n<p>Ao realizar a abordagem, os policiais constataram que o objeto descartado era uma caixa de rem\u00e9dio, dentro da qual havia um inv\u00f3lucro pl\u00e1stico contendo uma grande quantidade de subst\u00e2ncia qu\u00edmica semelhante \u00e0 coca\u00edna.<\/p>\n\n\n\n<p>A mulher foi detida em flagrante e encaminhada \u00e0 Delegacia de Pol\u00edcia Civil, onde permanece \u00e0 disposi\u00e7\u00e3o da Justi\u00e7a.<\/p>\n","protected":false},"excerpt":{"rendered":"<p>Uma mulher foi presa em flagrante no conjunto habitacional Bento Munhoz, no distrito de S\u00e3o Crist\u00f3v\u00e3o em Uni\u00e3o da Vit\u00f3ria, ap\u00f3s ser flagrada com coca\u00edna por volta das 22:04 horas na noite deste s\u00e1bado (16). De acordo com a Pol\u00edcia Militar, durante o patrulhamento na regi\u00e3o, os agentes avistaram a suspeita indo na dire\u00e7\u00e3o a [&hellip;]<\/p>\n","protected":false},"author":2,"featured_media":30460,"comment_status":"open","ping_status":"open","sticky":false,"template":"","format":"standard","meta":{"footnotes":""},"categories":[2],"tags":[172],"class_list":["post-30459","post","type-post","status-publish","format-standard","has-post-thumbnail","hentry","category-policial","tag-featured"],"amp_enabled":true,"_links":{"self":[{"href":"https:\/\/radiostudiow.com.br\/site\/wp-json\/wp\/v2\/posts\/30459","targetHints":{"allow":["GET"]}}],"collection":[{"href":"https:\/\/radiostudiow.com.br\/site\/wp-json\/wp\/v2\/posts"}],"about":[{"href":"https:\/\/radiostudiow.com.br\/site\/wp-json\/wp\/v2\/types\/post"}],"author":[{"embeddable":true,"href":"https:\/\/radiostudiow.com.br\/site\/wp-json\/wp\/v2\/users\/2"}],"replies":[{"embeddable":true,"href":"https:\/\/radiostudiow.com.br\/site\/wp-json\/wp\/v2\/comments?post=30459"}],"version-history":[{"count":1,"href":"https:\/\/radiostudiow.com.br\/site\/wp-json\/wp\/v2\/posts\/30459\/revisions"}],"predecessor-version":[{"id":30461,"href":"https:\/\/radiostudiow.com.br\/site\/wp-json\/wp\/v2\/posts\/30459\/revisions\/30461"}],"wp:featuredmedia":[{"embeddable":true,"href":"https:\/\/radiostudiow.com.br\/site\/wp-json\/wp\/v2\/media\/30460"}],"wp:attachment":[{"href":"https:\/\/radiostudiow.com.br\/site\/wp-json\/wp\/v2\/media?parent=30459"}],"wp:term":[{"taxonomy":"category","embeddable":true,"href":"https:\/\/radiostudiow.com.br\/site\/wp-json\/wp\/v2\/categories?post=30459"},{"taxonomy":"post_tag","embeddable":true,"href":"https:\/\/radiostudiow.com.br\/site\/wp-json\/wp\/v2\/tags?post=30459"}],"curies":[{"name":"wp","href":"https:\/\/api.w.org\/{rel}","templated":true}]}}