{"id":30465,"date":"2024-11-19T16:32:27","date_gmt":"2024-11-19T19:32:27","guid":{"rendered":"https:\/\/radiostudiow.com.br\/site\/?p=30465"},"modified":"2025-01-31T14:58:12","modified_gmt":"2025-01-31T17:58:12","slug":"iat-inicia-plantio-de-5-mil-mudas-nativas-para-reforcar-protecao-dos-rios-do-parana","status":"publish","type":"post","link":"https:\/\/radiostudiow.com.br\/site\/2024\/11\/19\/iat-inicia-plantio-de-5-mil-mudas-nativas-para-reforcar-protecao-dos-rios-do-parana\/","title":{"rendered":"IAT inicia plantio de 5 mil mudas nativas para refor\u00e7ar prote\u00e7\u00e3o dos rios do Paran\u00e1"},"content":{"rendered":"\n<p><br>Para marcar o Dia do Rio, comemorado no pr\u00f3ximo domingo (24), o Instituto \u00c1gua e Terra (IAT), vinculado \u00e0 Secretaria estadual do Desenvolvimento Sustent\u00e1vel (Sedest),\u00a0deu in\u00edcio nesta segunda-feira (18) a a\u00e7\u00f5es de educa\u00e7\u00e3o ambiental nas 21 regionais do \u00f3rg\u00e3o no Paran\u00e1. A programa\u00e7\u00e3o vai at\u00e9 sexta-feira (22) e prev\u00ea o plantio de 5 mil mudas de esp\u00e9cies nativas em pontos de mata ciliar, entorno de rios, cursos d\u2019\u00e1gua e pr\u00f3ximas a nascentes, com recupera\u00e7\u00e3o estimada de quatro hectares de \u00c1reas de Preserva\u00e7\u00e3o Permanente (APP).<\/p>\n\n\n\n<figure class=\"wp-block-image size-full\"><img loading=\"lazy\" decoding=\"async\" width=\"900\" height=\"408\" src=\"https:\/\/radiostudiow.com.br\/site\/wp-content\/uploads\/2024\/09\/image-64-1.png\" alt=\"\" class=\"wp-image-28207\" srcset=\"https:\/\/radiostudiow.com.br\/site\/wp-content\/uploads\/2024\/09\/image-64-1.png 900w, https:\/\/radiostudiow.com.br\/site\/wp-content\/uploads\/2024\/09\/image-64-1-300x136.png 300w, https:\/\/radiostudiow.com.br\/site\/wp-content\/uploads\/2024\/09\/image-64-1-768x348.png 768w\" sizes=\"auto, (max-width: 900px) 100vw, 900px\" \/><\/figure>\n\n\n\n<p>Entre as bacias que ser\u00e3o beneficiadas est\u00e3o a do Baixo Igua\u00e7u, na regi\u00e3o Sudoeste; do Alto Iva\u00ed, no Centro-Oeste, e do Norte Pioneiro, pr\u00f3ximo da divisa com S\u00e3o Paulo. A iniciativa integra o programa da Sedest Paran\u00e1 Mais Verde.&nbsp;<\/p>\n\n\n\n<p><strong><em>\u201cEssa a\u00e7\u00e3o contribui com a pol\u00edtica de reflorestamento que o Paran\u00e1 vem desenvolvendo desde 2019, com a cria\u00e7\u00e3o do Programa Paran\u00e1 Mais Verde. Nosso objetivo \u00e9 promover a conscientiza\u00e7\u00e3o das pessoas para a import\u00e2ncia das \u00e1rvores em nossas vidas, especialmente o papel delas na prote\u00e7\u00e3o dos rios, garantindo boa qualidade das \u00e1guas\u201d, afirmou o secret\u00e1rio estadual do Desenvolvimento Sustent\u00e1vel, Everton Souza.<\/em><\/strong><\/p>\n\n\n\n<p>Ele lembrou que o Paran\u00e1 conseguiu&nbsp;<strong><a href=\"https:\/\/www.aen.pr.gov.br\/Noticia\/Mata-ciliar-aumenta-12-no-Parana-com-protecao-de-nascentes-e-plantio-de-mudas\" target=\"_blank\" rel=\"noreferrer noopener\">ampliar a cobertura de matas ciliares em 12% nos \u00faltimos anos<\/a><\/strong>. O Estado passou de 1,25 milh\u00e3o de hectares de cobertura florestal nesses pontos em 2008 para 1,41 milh\u00e3o de hectares em 2021. Desde 2019, esta recupera\u00e7\u00e3o foi puxada por medidas como o plantio de 3,9 milh\u00f5es de mudas em \u00c1reas de Preserva\u00e7\u00e3o Permanente e a recupera\u00e7\u00e3o de mais de 6,9 mil nascentes de rios.<\/p>\n\n\n\n<figure class=\"wp-block-image size-full\"><img loading=\"lazy\" decoding=\"async\" width=\"598\" height=\"204\" src=\"https:\/\/radiostudiow.com.br\/site\/wp-content\/uploads\/2024\/04\/image-29.png\" alt=\"\" class=\"wp-image-21283\" srcset=\"https:\/\/radiostudiow.com.br\/site\/wp-content\/uploads\/2024\/04\/image-29.png 598w, https:\/\/radiostudiow.com.br\/site\/wp-content\/uploads\/2024\/04\/image-29-300x102.png 300w\" sizes=\"auto, (max-width: 598px) 100vw, 598px\" \/><\/figure>\n\n\n\n<p>Ao todo, em pouco mais de cinco anos, foram mais de 10 milh\u00f5es de mudas de \u00e1rvores nativas distribu\u00eddas pelos 19 viveiros florestais do IAT. Eles t\u00eam a capacidade de produzir cerca de 3 milh\u00f5es de mudas ao ano, de mais de 100 esp\u00e9cies da flora nativa.<strong><em> \u201cO Paran\u00e1 tem um patrim\u00f4nio h\u00eddrico muito grande, devemos fazer uso disso da melhor forma poss\u00edvel, respeitando e preservando o meio ambiente\u201d, refor\u00e7ou o secret\u00e1rio.<\/em><\/strong><\/p>\n\n\n\n<p>Diretor de Patrim\u00f4nio Natural do IAT, Rafael Andreguetto explica que as caracter\u00edsticas de estrutura do solo s\u00e3o levadas em conta durante o plantio, j\u00e1 que os terrenos s\u00e3o \u00famidos, muitas vezes encharcados e apresentam predomin\u00e2ncia de vegeta\u00e7\u00e3o diferente de \u00e1reas mais planas e distantes do curso d\u2019\u00e1gua.<\/p>\n\n\n\n<p>Entre as esp\u00e9cies escolhidas est\u00e3o a aroeira-pimenteira\/aroeira-vermelha (<em>Schinus terebenthifolia<\/em>), ing\u00e1-feij\u00e3o (<em>Inga marginata<\/em>), ing\u00e1-macaco\/ing\u00e1-ferradura (<em>Inga sessilis<\/em>), a\u00e7oita-cavalo (<em>Luehea divaricata<\/em>), branquilho (<em>Gymnanthes klotzschiana<\/em>), pitangueira (<em>Eugenia uniflora<\/em>), cerejeira (<em>Eugenia involucrata<\/em>), ara\u00e7\u00e1-amarelo (<em>Psidium cattleianum<\/em>), guanandi (<em>Calophyllum brasiliense<\/em>) e corticeira-do-banhado (<em>Erythrina crista-galli<\/em>).<\/p>\n\n\n\n<figure class=\"wp-block-image size-full\"><img loading=\"lazy\" decoding=\"async\" width=\"897\" height=\"204\" src=\"https:\/\/radiostudiow.com.br\/site\/wp-content\/uploads\/2024\/08\/TIJOLAO.png\" alt=\"\" class=\"wp-image-25951\" srcset=\"https:\/\/radiostudiow.com.br\/site\/wp-content\/uploads\/2024\/08\/TIJOLAO.png 897w, https:\/\/radiostudiow.com.br\/site\/wp-content\/uploads\/2024\/08\/TIJOLAO-300x68.png 300w, https:\/\/radiostudiow.com.br\/site\/wp-content\/uploads\/2024\/08\/TIJOLAO-768x175.png 768w\" sizes=\"auto, (max-width: 897px) 100vw, 897px\" \/><\/figure>\n\n\n\n<p><strong><em>\u201cQueremos contribuir para uma melhoria da qualidade da \u00e1gua dos nossos rios e nada melhor que \u00e1rvores nativas para isso. S\u00e3o esp\u00e9cies que ajudam a preservar nossas nascentes e que foram selecionadas especialmente para cada regi\u00e3o, respeitando a caracter\u00edstica de cada uma, para que a planta consiga se desenvolver corretamente\u201d, destacou Andreguetto.<\/em><\/strong><\/p>\n\n\n\n<p>Al\u00e9m dos escrit\u00f3rios regionais do \u00f3rg\u00e3o ambiental, as a\u00e7\u00f5es envolvem entidades da sociedade civil, escolas, universidades e a comunidade. <strong><em>\u201cEssa data garante n\u00e3o s\u00f3 uma a\u00e7\u00e3o do Paran\u00e1 Mais Verde relacionada \u00e0 educa\u00e7\u00e3o ambiental, mas tamb\u00e9m a forma\u00e7\u00e3o desses corredores ecol\u00f3gicos, plantios de enriquecimento onde j\u00e1 existe uma mata ciliar e plantios de recomposi\u00e7\u00e3o em \u00e1reas que est\u00e3o deficit\u00e1rias de vegeta\u00e7\u00e3o junto \u00e0 margem dos rios\u201d, diz o engenheiro florestal do IAT, Alexandre Mastella.<\/em><\/strong><\/p>\n","protected":false},"excerpt":{"rendered":"<p>Para marcar o Dia do Rio, comemorado no pr\u00f3ximo domingo (24), o Instituto \u00c1gua e Terra (IAT), vinculado \u00e0 Secretaria estadual do Desenvolvimento Sustent\u00e1vel (Sedest),\u00a0deu in\u00edcio nesta segunda-feira (18) a a\u00e7\u00f5es de educa\u00e7\u00e3o ambiental nas 21 regionais do \u00f3rg\u00e3o no Paran\u00e1. A programa\u00e7\u00e3o vai at\u00e9 sexta-feira (22) e prev\u00ea o plantio de 5 mil mudas [&hellip;]<\/p>\n","protected":false},"author":2,"featured_media":30466,"comment_status":"open","ping_status":"open","sticky":false,"template":"","format":"standard","meta":{"footnotes":""},"categories":[7],"tags":[172],"class_list":["post-30465","post","type-post","status-publish","format-standard","has-post-thumbnail","hentry","category-geral","tag-featured"],"amp_enabled":true,"_links":{"self":[{"href":"https:\/\/radiostudiow.com.br\/site\/wp-json\/wp\/v2\/posts\/30465","targetHints":{"allow":["GET"]}}],"collection":[{"href":"https:\/\/radiostudiow.com.br\/site\/wp-json\/wp\/v2\/posts"}],"about":[{"href":"https:\/\/radiostudiow.com.br\/site\/wp-json\/wp\/v2\/types\/post"}],"author":[{"embeddable":true,"href":"https:\/\/radiostudiow.com.br\/site\/wp-json\/wp\/v2\/users\/2"}],"replies":[{"embeddable":true,"href":"https:\/\/radiostudiow.com.br\/site\/wp-json\/wp\/v2\/comments?post=30465"}],"version-history":[{"count":1,"href":"https:\/\/radiostudiow.com.br\/site\/wp-json\/wp\/v2\/posts\/30465\/revisions"}],"predecessor-version":[{"id":30467,"href":"https:\/\/radiostudiow.com.br\/site\/wp-json\/wp\/v2\/posts\/30465\/revisions\/30467"}],"wp:featuredmedia":[{"embeddable":true,"href":"https:\/\/radiostudiow.com.br\/site\/wp-json\/wp\/v2\/media\/30466"}],"wp:attachment":[{"href":"https:\/\/radiostudiow.com.br\/site\/wp-json\/wp\/v2\/media?parent=30465"}],"wp:term":[{"taxonomy":"category","embeddable":true,"href":"https:\/\/radiostudiow.com.br\/site\/wp-json\/wp\/v2\/categories?post=30465"},{"taxonomy":"post_tag","embeddable":true,"href":"https:\/\/radiostudiow.com.br\/site\/wp-json\/wp\/v2\/tags?post=30465"}],"curies":[{"name":"wp","href":"https:\/\/api.w.org\/{rel}","templated":true}]}}