{"id":30474,"date":"2024-11-19T17:04:59","date_gmt":"2024-11-19T20:04:59","guid":{"rendered":"https:\/\/radiostudiow.com.br\/site\/?p=30474"},"modified":"2025-01-31T14:58:12","modified_gmt":"2025-01-31T17:58:12","slug":"20-de-novembro-dia-nacional-de-zumbi-e-da-consciencia-negra","status":"publish","type":"post","link":"https:\/\/radiostudiow.com.br\/site\/2024\/11\/19\/20-de-novembro-dia-nacional-de-zumbi-e-da-consciencia-negra\/","title":{"rendered":"20 de novembro &#8211; Dia Nacional de Zumbi e da Consci\u00eancia Negra"},"content":{"rendered":"\n<p>Neste quarta-feira, dia 20 de novembro, ser\u00e1 comemorado o Dia da Consci\u00eancia Negra, pela primeira vez como feriado nacional no Brasil.<\/p>\n\n\n\n<p>Em 21 de dezembro de 2023, o presidente Luiz In\u00e1cio Lula da Silva sancionou a Lei 14.759\/2023, que\u00a0declara a data como feriado nacional para celebrar o Dia Nacional de Zumbi e da Consci\u00eancia Negra.\u00a0<\/p>\n\n\n\n<figure class=\"wp-block-image size-full\"><img loading=\"lazy\" decoding=\"async\" width=\"900\" height=\"408\" src=\"https:\/\/radiostudiow.com.br\/site\/wp-content\/uploads\/2024\/09\/image-64-1.png\" alt=\"\" class=\"wp-image-28207\" srcset=\"https:\/\/radiostudiow.com.br\/site\/wp-content\/uploads\/2024\/09\/image-64-1.png 900w, https:\/\/radiostudiow.com.br\/site\/wp-content\/uploads\/2024\/09\/image-64-1-300x136.png 300w, https:\/\/radiostudiow.com.br\/site\/wp-content\/uploads\/2024\/09\/image-64-1-768x348.png 768w\" sizes=\"auto, (max-width: 900px) 100vw, 900px\" \/><\/figure>\n\n\n\n<p>A data remete ao dia da morte de Zumbi, que foi l\u00edder do Quilombo dos Palmares, importante comunidade de resist\u00eancia de escravizados durante o Brasil Colonial. O quilombo localizado na regi\u00e3o do atual estado de Alagoas tornou-se um s\u00edmbolo da luta contra a escravid\u00e3o e da busca por liberdade.<\/p>\n\n\n\n<p>Tamb\u00e9m uma homenagem a esposa de Zumbi, chamada Dandara, uma mulher negra e guerreira \u00e9 um dos principais nomes da luta negra no Brasil. Teve papel fundamental na constru\u00e7\u00e3o e comando do quilombo dos Palmares, um dos marcos da resist\u00eancia contra o regime escravocrata brasileiro, que existiu e resistiu como quilombo por mais de 100 anos.<\/p>\n\n\n\n<figure class=\"wp-block-image size-large\"><img loading=\"lazy\" decoding=\"async\" width=\"1024\" height=\"686\" src=\"https:\/\/radiostudiow.com.br\/site\/wp-content\/uploads\/2024\/11\/image-86-1024x686.png\" alt=\"\" class=\"wp-image-30478\" srcset=\"https:\/\/radiostudiow.com.br\/site\/wp-content\/uploads\/2024\/11\/image-86-1024x686.png 1024w, https:\/\/radiostudiow.com.br\/site\/wp-content\/uploads\/2024\/11\/image-86-300x201.png 300w, https:\/\/radiostudiow.com.br\/site\/wp-content\/uploads\/2024\/11\/image-86-768x515.png 768w, https:\/\/radiostudiow.com.br\/site\/wp-content\/uploads\/2024\/11\/image-86.png 1280w\" sizes=\"auto, (max-width: 1024px) 100vw, 1024px\" \/><\/figure>\n\n\n\n<p>Com a\u00a0aprova\u00e7\u00e3o federal, o dia 20 de novembro garante folga ao trabalhador, conforme previsto no artigo 70 da CLT (Consolida\u00e7\u00e3o das Leis do Trabalho). No pa\u00eds, diversos estabelecimentos comerciais mudam os hor\u00e1rios de funcionamento e servi\u00e7os podem at\u00e9 ser suspensos devido \u00e0 data.<\/p>\n","protected":false},"excerpt":{"rendered":"<p>Neste quarta-feira, dia 20 de novembro, ser\u00e1 comemorado o Dia da Consci\u00eancia Negra, pela primeira vez como feriado nacional no Brasil. Em 21 de dezembro de 2023, o presidente Luiz In\u00e1cio Lula da Silva sancionou a Lei 14.759\/2023, que\u00a0declara a data como feriado nacional para celebrar o Dia Nacional de Zumbi e da Consci\u00eancia Negra.\u00a0 [&hellip;]<\/p>\n","protected":false},"author":2,"featured_media":30477,"comment_status":"open","ping_status":"open","sticky":false,"template":"","format":"standard","meta":{"footnotes":""},"categories":[7],"tags":[172],"class_list":["post-30474","post","type-post","status-publish","format-standard","has-post-thumbnail","hentry","category-geral","tag-featured"],"amp_enabled":true,"_links":{"self":[{"href":"https:\/\/radiostudiow.com.br\/site\/wp-json\/wp\/v2\/posts\/30474","targetHints":{"allow":["GET"]}}],"collection":[{"href":"https:\/\/radiostudiow.com.br\/site\/wp-json\/wp\/v2\/posts"}],"about":[{"href":"https:\/\/radiostudiow.com.br\/site\/wp-json\/wp\/v2\/types\/post"}],"author":[{"embeddable":true,"href":"https:\/\/radiostudiow.com.br\/site\/wp-json\/wp\/v2\/users\/2"}],"replies":[{"embeddable":true,"href":"https:\/\/radiostudiow.com.br\/site\/wp-json\/wp\/v2\/comments?post=30474"}],"version-history":[{"count":2,"href":"https:\/\/radiostudiow.com.br\/site\/wp-json\/wp\/v2\/posts\/30474\/revisions"}],"predecessor-version":[{"id":30479,"href":"https:\/\/radiostudiow.com.br\/site\/wp-json\/wp\/v2\/posts\/30474\/revisions\/30479"}],"wp:featuredmedia":[{"embeddable":true,"href":"https:\/\/radiostudiow.com.br\/site\/wp-json\/wp\/v2\/media\/30477"}],"wp:attachment":[{"href":"https:\/\/radiostudiow.com.br\/site\/wp-json\/wp\/v2\/media?parent=30474"}],"wp:term":[{"taxonomy":"category","embeddable":true,"href":"https:\/\/radiostudiow.com.br\/site\/wp-json\/wp\/v2\/categories?post=30474"},{"taxonomy":"post_tag","embeddable":true,"href":"https:\/\/radiostudiow.com.br\/site\/wp-json\/wp\/v2\/tags?post=30474"}],"curies":[{"name":"wp","href":"https:\/\/api.w.org\/{rel}","templated":true}]}}