{"id":30497,"date":"2024-11-19T21:06:24","date_gmt":"2024-11-20T00:06:24","guid":{"rendered":"https:\/\/radiostudiow.com.br\/site\/?p=30497"},"modified":"2025-01-31T14:58:12","modified_gmt":"2025-01-31T17:58:12","slug":"pessoa-sofre-descarga-eletrica-em-uniao-da-vitoria-e-e-transferida-para-curitiba","status":"publish","type":"post","link":"https:\/\/radiostudiow.com.br\/site\/2024\/11\/19\/pessoa-sofre-descarga-eletrica-em-uniao-da-vitoria-e-e-transferida-para-curitiba\/","title":{"rendered":"Pessoa Sofre Descarga El\u00e9trica Em Uni\u00e3o Da Vit\u00f3ria E \u00c9 Transferida Para Curitiba"},"content":{"rendered":"\n<p>Na tarde desta ter\u00e7a-feira (19), equipes de resgate realizaram a transfer\u00eancia de uma v\u00edtima de Uni\u00e3o da Vit\u00f3ria que sofreu uma descarga el\u00e9trica. O transporte foi conduzido com o apoio do Servi\u00e7o de Atendimento M\u00f3vel de Urg\u00eancia (SAMU), que coordenou a opera\u00e7\u00e3o at\u00e9 o ponto de partida em S\u00e3o Mateus do Sul.<\/p>\n\n\n\n<figure class=\"wp-block-image size-full\"><img loading=\"lazy\" decoding=\"async\" width=\"897\" height=\"204\" src=\"https:\/\/radiostudiow.com.br\/site\/wp-content\/uploads\/2024\/04\/image-38.png\" alt=\"\" class=\"wp-image-21308\" srcset=\"https:\/\/radiostudiow.com.br\/site\/wp-content\/uploads\/2024\/04\/image-38.png 897w, https:\/\/radiostudiow.com.br\/site\/wp-content\/uploads\/2024\/04\/image-38-300x68.png 300w, https:\/\/radiostudiow.com.br\/site\/wp-content\/uploads\/2024\/04\/image-38-768x175.png 768w\" sizes=\"auto, (max-width: 897px) 100vw, 897px\" \/><\/figure>\n\n\n\n<p>A v\u00edtima foi encaminhada para Curitiba, onde receber\u00e1 atendimento especializado. O local de embarque foi o p\u00e1tio do antigo CEPE, atual Samas Club, em S\u00e3o Mateus do Sul.<\/p>\n\n\n\n<p>N\u00e3o foram divulgados detalhes sobre o estado de sa\u00fade da v\u00edtima ou as circunst\u00e2ncias do acidente, mas a agilidade na transfer\u00eancia reflete o esfor\u00e7o conjunto das equipes de emerg\u00eancia para garantir o melhor atendimento poss\u00edvel.<\/p>\n\n\n\n<p>Fonte: SAMAS SUL LISTA<\/p>\n","protected":false},"excerpt":{"rendered":"<p>Na tarde desta ter\u00e7a-feira (19), equipes de resgate realizaram a transfer\u00eancia de uma v\u00edtima de Uni\u00e3o da Vit\u00f3ria que sofreu uma descarga el\u00e9trica. O transporte foi conduzido com o apoio do Servi\u00e7o de Atendimento M\u00f3vel de Urg\u00eancia (SAMU), que coordenou a opera\u00e7\u00e3o at\u00e9 o ponto de partida em S\u00e3o Mateus do Sul. A v\u00edtima foi [&hellip;]<\/p>\n","protected":false},"author":2,"featured_media":30498,"comment_status":"open","ping_status":"open","sticky":false,"template":"","format":"standard","meta":{"footnotes":""},"categories":[185],"tags":[172],"class_list":["post-30497","post","type-post","status-publish","format-standard","has-post-thumbnail","hentry","category-regional","tag-featured"],"amp_enabled":true,"_links":{"self":[{"href":"https:\/\/radiostudiow.com.br\/site\/wp-json\/wp\/v2\/posts\/30497","targetHints":{"allow":["GET"]}}],"collection":[{"href":"https:\/\/radiostudiow.com.br\/site\/wp-json\/wp\/v2\/posts"}],"about":[{"href":"https:\/\/radiostudiow.com.br\/site\/wp-json\/wp\/v2\/types\/post"}],"author":[{"embeddable":true,"href":"https:\/\/radiostudiow.com.br\/site\/wp-json\/wp\/v2\/users\/2"}],"replies":[{"embeddable":true,"href":"https:\/\/radiostudiow.com.br\/site\/wp-json\/wp\/v2\/comments?post=30497"}],"version-history":[{"count":1,"href":"https:\/\/radiostudiow.com.br\/site\/wp-json\/wp\/v2\/posts\/30497\/revisions"}],"predecessor-version":[{"id":30499,"href":"https:\/\/radiostudiow.com.br\/site\/wp-json\/wp\/v2\/posts\/30497\/revisions\/30499"}],"wp:featuredmedia":[{"embeddable":true,"href":"https:\/\/radiostudiow.com.br\/site\/wp-json\/wp\/v2\/media\/30498"}],"wp:attachment":[{"href":"https:\/\/radiostudiow.com.br\/site\/wp-json\/wp\/v2\/media?parent=30497"}],"wp:term":[{"taxonomy":"category","embeddable":true,"href":"https:\/\/radiostudiow.com.br\/site\/wp-json\/wp\/v2\/categories?post=30497"},{"taxonomy":"post_tag","embeddable":true,"href":"https:\/\/radiostudiow.com.br\/site\/wp-json\/wp\/v2\/tags?post=30497"}],"curies":[{"name":"wp","href":"https:\/\/api.w.org\/{rel}","templated":true}]}}