{"id":30500,"date":"2024-11-19T21:07:15","date_gmt":"2024-11-20T00:07:15","guid":{"rendered":"https:\/\/radiostudiow.com.br\/site\/?p=30500"},"modified":"2025-01-31T14:58:12","modified_gmt":"2025-01-31T17:58:12","slug":"policia-militar-de-sao-mateus-do-sul-localiza-meio-quilo-de-maconha-em-residencia","status":"publish","type":"post","link":"https:\/\/radiostudiow.com.br\/site\/2024\/11\/19\/policia-militar-de-sao-mateus-do-sul-localiza-meio-quilo-de-maconha-em-residencia\/","title":{"rendered":"Pol\u00edcia Militar de S\u00e3o Mateus do Sul localiza meio quilo de maconha em Resid\u00eancia"},"content":{"rendered":"\n<p>A equipe da Pol\u00edcia Militar de S\u00e3o Mateus do Sul realizou buscar em uma resid\u00eancia na Vila Amaral por volta das 15 horas desta segunda-feira (18).<\/p>\n\n\n\n<figure class=\"wp-block-image size-large\"><img decoding=\"async\" src=\"https:\/\/radiostudiow.com.br\/site\/wp-content\/uploads\/2024\/11\/image-24-1024x390.png\" alt=\"\" class=\"wp-image-29793\"\/><\/figure>\n\n\n\n<p>Durante as buscas foi localizado subst\u00e2ncia an\u00e1loga a maconha totalizando meio quilo da droga, 488 gramas.<\/p>\n\n\n\n<p>Diante dos fatos foi encaminhada uma mulher para a Delegacia para serem tomadas as devidas provid\u00eancias legais e cab\u00edveis.<\/p>\n\n\n\n<p><\/p>\n","protected":false},"excerpt":{"rendered":"<p>A equipe da Pol\u00edcia Militar de S\u00e3o Mateus do Sul realizou buscar em uma resid\u00eancia na Vila Amaral por volta das 15 horas desta segunda-feira (18). Durante as buscas foi localizado subst\u00e2ncia an\u00e1loga a maconha totalizando meio quilo da droga, 488 gramas. Diante dos fatos foi encaminhada uma mulher para a Delegacia para serem tomadas [&hellip;]<\/p>\n","protected":false},"author":2,"featured_media":30501,"comment_status":"open","ping_status":"open","sticky":false,"template":"","format":"standard","meta":{"footnotes":""},"categories":[2],"tags":[172],"class_list":["post-30500","post","type-post","status-publish","format-standard","has-post-thumbnail","hentry","category-policial","tag-featured"],"amp_enabled":true,"_links":{"self":[{"href":"https:\/\/radiostudiow.com.br\/site\/wp-json\/wp\/v2\/posts\/30500","targetHints":{"allow":["GET"]}}],"collection":[{"href":"https:\/\/radiostudiow.com.br\/site\/wp-json\/wp\/v2\/posts"}],"about":[{"href":"https:\/\/radiostudiow.com.br\/site\/wp-json\/wp\/v2\/types\/post"}],"author":[{"embeddable":true,"href":"https:\/\/radiostudiow.com.br\/site\/wp-json\/wp\/v2\/users\/2"}],"replies":[{"embeddable":true,"href":"https:\/\/radiostudiow.com.br\/site\/wp-json\/wp\/v2\/comments?post=30500"}],"version-history":[{"count":1,"href":"https:\/\/radiostudiow.com.br\/site\/wp-json\/wp\/v2\/posts\/30500\/revisions"}],"predecessor-version":[{"id":30502,"href":"https:\/\/radiostudiow.com.br\/site\/wp-json\/wp\/v2\/posts\/30500\/revisions\/30502"}],"wp:featuredmedia":[{"embeddable":true,"href":"https:\/\/radiostudiow.com.br\/site\/wp-json\/wp\/v2\/media\/30501"}],"wp:attachment":[{"href":"https:\/\/radiostudiow.com.br\/site\/wp-json\/wp\/v2\/media?parent=30500"}],"wp:term":[{"taxonomy":"category","embeddable":true,"href":"https:\/\/radiostudiow.com.br\/site\/wp-json\/wp\/v2\/categories?post=30500"},{"taxonomy":"post_tag","embeddable":true,"href":"https:\/\/radiostudiow.com.br\/site\/wp-json\/wp\/v2\/tags?post=30500"}],"curies":[{"name":"wp","href":"https:\/\/api.w.org\/{rel}","templated":true}]}}