{"id":30523,"date":"2024-11-21T10:32:31","date_gmt":"2024-11-21T13:32:31","guid":{"rendered":"https:\/\/radiostudiow.com.br\/site\/?p=30523"},"modified":"2025-01-31T14:58:12","modified_gmt":"2025-01-31T17:58:12","slug":"duas-mulheres-e-um-homem-foram-presos-por-trafico-de-dorgas-em-uniao-da-vitoria","status":"publish","type":"post","link":"https:\/\/radiostudiow.com.br\/site\/2024\/11\/21\/duas-mulheres-e-um-homem-foram-presos-por-trafico-de-dorgas-em-uniao-da-vitoria\/","title":{"rendered":"Duas mulheres e um homem foram presos por tr\u00e1fico de drogas em Uni\u00e3o da Vit\u00f3ria"},"content":{"rendered":"\n<p>A equipe da Pol\u00edcia Militar de Uni\u00e3o da Vit\u00f3ria estava em patrulhamento pelo bairro S\u00e3o Bas\u00edlio Magno por volta das 21:37 horas dessa ter\u00e7a-feira (19), quando visualizou um masculino indo de encontro a duas mulheres que estavam sentadas na cal\u00e7ada e optou por realizar a abordagem dos tr\u00eas indiv\u00edduos.<\/p>\n\n\n\n<div class=\"wp-block-media-text is-stacked-on-mobile\"><figure class=\"wp-block-media-text__media\"><img decoding=\"async\" src=\"https:\/\/radiostudiow.com.br\/site\/wp-content\/uploads\/2024\/11\/image-63-1024x1024.png\" alt=\"\" class=\"wp-image-30211 size-full\"\/><\/figure><div class=\"wp-block-media-text__content\">\n<p>AFUBRA IRATI: \ud83d\udcde(42) 3421-1700<br>\ud83d\udccd Rua Coronel Emilio Gomes, 399, Centro &#8211; Irati &#8211; PR<\/p>\n\n\n\n<p>AFUBRA IMBITUVA: \ud83d\udcde(42) 3436-84003<br>\ud83d\udccd RUA Jacobe Brener, 830 &#8211; Centro, Imbituva &#8211; PR<\/p>\n\n\n\n<p><a href=\"https:\/\/www.lojasafubra.com.br\">https:\/\/www.lojasafubra.com.br<\/a><\/p>\n<\/div><\/div>\n\n\n\n<p>Em busca pessoal nada de il\u00edcito foi encontrado com nenhum dos abordados, ap\u00f3s realizar busca pelo terreno onde eles se encontravam, foi localizado um involucro preto, onde em seu interior havia uma subst\u00e2ncia an\u00e1loga a coca\u00edna.<\/p>\n\n\n\n<p>Diante dos fatos e da flagr\u00e2ncia do tr\u00e1fico de entorpecentes, foi dado voz de pris\u00e3o aos tr\u00eas indiv\u00edduos, momento em que o masculino desobedeceu a ordem das equipes, sendo necess\u00e1rio a utiliza\u00e7\u00e3o de t\u00e9cnicas de imobiliza\u00e7\u00e3o\/ conten\u00e7\u00e3o, diante dos fatos, os tr\u00eas indiv\u00edduos foram conduzidos at\u00e9 a 4\u00aa SDP para os procedimentos cab\u00edveis.<\/p>\n","protected":false},"excerpt":{"rendered":"<p>A equipe da Pol\u00edcia Militar de Uni\u00e3o da Vit\u00f3ria estava em patrulhamento pelo bairro S\u00e3o Bas\u00edlio Magno por volta das 21:37 horas dessa ter\u00e7a-feira (19), quando visualizou um masculino indo de encontro a duas mulheres que estavam sentadas na cal\u00e7ada e optou por realizar a abordagem dos tr\u00eas indiv\u00edduos. AFUBRA IRATI: \ud83d\udcde(42) 3421-1700\ud83d\udccd Rua Coronel [&hellip;]<\/p>\n","protected":false},"author":2,"featured_media":30525,"comment_status":"open","ping_status":"open","sticky":false,"template":"","format":"standard","meta":{"footnotes":""},"categories":[2],"tags":[172],"class_list":["post-30523","post","type-post","status-publish","format-standard","has-post-thumbnail","hentry","category-policial","tag-featured"],"amp_enabled":true,"_links":{"self":[{"href":"https:\/\/radiostudiow.com.br\/site\/wp-json\/wp\/v2\/posts\/30523","targetHints":{"allow":["GET"]}}],"collection":[{"href":"https:\/\/radiostudiow.com.br\/site\/wp-json\/wp\/v2\/posts"}],"about":[{"href":"https:\/\/radiostudiow.com.br\/site\/wp-json\/wp\/v2\/types\/post"}],"author":[{"embeddable":true,"href":"https:\/\/radiostudiow.com.br\/site\/wp-json\/wp\/v2\/users\/2"}],"replies":[{"embeddable":true,"href":"https:\/\/radiostudiow.com.br\/site\/wp-json\/wp\/v2\/comments?post=30523"}],"version-history":[{"count":3,"href":"https:\/\/radiostudiow.com.br\/site\/wp-json\/wp\/v2\/posts\/30523\/revisions"}],"predecessor-version":[{"id":30527,"href":"https:\/\/radiostudiow.com.br\/site\/wp-json\/wp\/v2\/posts\/30523\/revisions\/30527"}],"wp:featuredmedia":[{"embeddable":true,"href":"https:\/\/radiostudiow.com.br\/site\/wp-json\/wp\/v2\/media\/30525"}],"wp:attachment":[{"href":"https:\/\/radiostudiow.com.br\/site\/wp-json\/wp\/v2\/media?parent=30523"}],"wp:term":[{"taxonomy":"category","embeddable":true,"href":"https:\/\/radiostudiow.com.br\/site\/wp-json\/wp\/v2\/categories?post=30523"},{"taxonomy":"post_tag","embeddable":true,"href":"https:\/\/radiostudiow.com.br\/site\/wp-json\/wp\/v2\/tags?post=30523"}],"curies":[{"name":"wp","href":"https:\/\/api.w.org\/{rel}","templated":true}]}}